{"id":268,"date":"2016-01-23T09:53:05","date_gmt":"2016-01-23T08:53:05","guid":{"rendered":"http:\/\/soliref56.fr\/blog\/?p=268"},"modified":"2016-01-23T09:55:16","modified_gmt":"2016-01-23T08:55:16","slug":"urgent-60m3-a-remplir-dici-le-4-fevrier-calais","status":"publish","type":"post","link":"https:\/\/soliref56.fr\/blog\/index.php\/2016\/01\/23\/urgent-60m3-a-remplir-dici-le-4-fevrier-calais\/","title":{"rendered":"Urgent: 60m3 \u00e0 remplir d&rsquo;ici le 4 f\u00e9vrier #calais"},"content":{"rendered":"<p>Grande nouvelle, la collecte de Camille change de braquet:<\/p>\n<blockquote><p>Gr\u00e2ce \u00e0 UJAP Entreprises, un camion de 60m3 a \u00e9t\u00e9 trouv\u00e9 qui acheminera gratuitement les affaires.<\/p><\/blockquote>\n<p>60m3 c&rsquo;est vraiment \u00e9norme, c&rsquo;est un camion de d\u00e9m\u00e9nageur, autant dire que la collecte prend une nouvelle dimension. Du coup Camille propose de ne plus s&rsquo;en tenir aux seules chaussures et de relancer l&rsquo;appel aux dons pour v\u00eatements chauds, \u00e9quipement&#8230;<\/p>\n<blockquote><p>La collecte marche bien, une quarantaine de sacs sont d\u00e9j\u00e0 stock\u00e9s. Il faudrait des b\u00e9n\u00e9voles pour la fin janvier qui seraient motiv\u00e9s \u00e0 commencer le tri des affaires !<\/p><\/blockquote>\n<h1>En r\u00e9sum\u00e9<\/h1>\n<ul>\n<li>la collecte prendra fin le 4 f\u00e9vrier<\/li>\n<li>besoin de b\u00e9n\u00e9voles pour le tri (contact Camille: camille.autret1@gmail.com)<\/li>\n<li>17 points de collectes sur la Bretagne et Angers: <a href=\"http:\/\/umap.openstreetmap.fr\/en\/map\/points-de-collecte-chaussures_66139\">voir la carte mise \u00e0 jour<\/a>. <em>La nature de la collecte ayant chang\u00e9, peut-\u00eatre prudent de contacter le point de d\u00e9p\u00f4t avant de s&rsquo;y rendre pour s&rsquo;assurer des possibilit\u00e9s<\/em>.<\/li>\n<li>en savoir plus: <a href=\"http:\/\/soliref56.fr\/blog\/index.php\/2016\/01\/09\/des-chaussures-pour-calais-points-de-collecte-bretagne-et-angers\/\">l&rsquo;origine de l&rsquo;initiative<\/a><\/li>\n<\/ul>\n<p><a href=\"http:\/\/umap.openstreetmap.fr\/en\/map\/points-de-collecte-chaussures_66139\"><img data-attachment-id=\"271\" data-permalink=\"https:\/\/soliref56.fr\/blog\/index.php\/2016\/01\/23\/urgent-60m3-a-remplir-dici-le-4-fevrier-calais\/screenshot-2016-01-23-09-43-44-2\/\" data-orig-file=\"https:\/\/i0.wp.com\/soliref56.fr\/blog\/wp-content\/uploads\/2016\/01\/Screenshot-2016-01-23-09.43.441.png?fit=1278%2C653&amp;ssl=1\" data-orig-size=\"1278,653\" data-comments-opened=\"1\" data-image-meta=\"{&quot;aperture&quot;:&quot;0&quot;,&quot;credit&quot;:&quot;&quot;,&quot;camera&quot;:&quot;&quot;,&quot;caption&quot;:&quot;&quot;,&quot;created_timestamp&quot;:&quot;0&quot;,&quot;copyright&quot;:&quot;&quot;,&quot;focal_length&quot;:&quot;0&quot;,&quot;iso&quot;:&quot;0&quot;,&quot;shutter_speed&quot;:&quot;0&quot;,&quot;title&quot;:&quot;&quot;,&quot;orientation&quot;:&quot;0&quot;}\" data-image-title=\"Screenshot 2016-01-23 09.43.44\" data-image-description=\"\" data-image-caption=\"\" data-medium-file=\"https:\/\/i0.wp.com\/soliref56.fr\/blog\/wp-content\/uploads\/2016\/01\/Screenshot-2016-01-23-09.43.441.png?fit=300%2C153&amp;ssl=1\" data-large-file=\"https:\/\/i0.wp.com\/soliref56.fr\/blog\/wp-content\/uploads\/2016\/01\/Screenshot-2016-01-23-09.43.441.png?fit=660%2C337&amp;ssl=1\" decoding=\"async\" loading=\"lazy\" class=\"alignnone size-full wp-image-271\" src=\"https:\/\/i0.wp.com\/soliref56.fr\/blog\/wp-content\/uploads\/2016\/01\/Screenshot-2016-01-23-09.43.441.png?resize=660%2C337\" alt=\"Screenshot 2016-01-23 09.43.44\" width=\"660\" height=\"337\" srcset=\"https:\/\/i0.wp.com\/soliref56.fr\/blog\/wp-content\/uploads\/2016\/01\/Screenshot-2016-01-23-09.43.441.png?w=1278&amp;ssl=1 1278w, https:\/\/i0.wp.com\/soliref56.fr\/blog\/wp-content\/uploads\/2016\/01\/Screenshot-2016-01-23-09.43.441.png?resize=300%2C153&amp;ssl=1 300w, https:\/\/i0.wp.com\/soliref56.fr\/blog\/wp-content\/uploads\/2016\/01\/Screenshot-2016-01-23-09.43.441.png?resize=1024%2C523&amp;ssl=1 1024w\" sizes=\"(max-width: 660px) 100vw, 660px\" data-recalc-dims=\"1\" \/><\/a><\/p>\n<p><span style=\"color: #999999;\">source photo: emprunt\u00e9 <a style=\"color: #999999;\" href=\"http:\/\/www.locabest.fr\/produit\/mercedes-axor-hayon-60m3\/\">ici<\/a><\/span><\/p>\n","protected":false},"excerpt":{"rendered":"<p>Grande nouvelle, la collecte de Camille change de braquet: Gr\u00e2ce \u00e0 UJAP Entreprises, un camion de 60m3 a \u00e9t\u00e9 trouv\u00e9 qui acheminera gratuitement les affaires. 60m3 c&rsquo;est vraiment \u00e9norme, c&rsquo;est un camion de d\u00e9m\u00e9nageur, autant dire que la collecte prend une nouvelle dimension. Du coup Camille propose de ne plus s&rsquo;en tenir aux seules chaussures &hellip; <a href=\"https:\/\/soliref56.fr\/blog\/index.php\/2016\/01\/23\/urgent-60m3-a-remplir-dici-le-4-fevrier-calais\/\" class=\"more-link\">Continuer la lecture de <span class=\"screen-reader-text\">Urgent: 60m3 \u00e0 remplir d&rsquo;ici le 4 f\u00e9vrier #calais<\/span><\/a><\/p>\n","protected":false},"author":2,"featured_media":269,"comment_status":"open","ping_status":"open","sticky":false,"template":"","format":"standard","meta":{"jetpack_post_was_ever_published":false,"jetpack_publicize_message":"","jetpack_is_tweetstorm":false,"jetpack_publicize_feature_enabled":true,"jetpack_social_post_already_shared":true,"jetpack_social_options":{"image_generator_settings":{"template":"highway","enabled":false}}},"categories":[23,12,26,19,22,20,13,9],"tags":[],"jetpack_publicize_connections":[],"jetpack_featured_media_url":"https:\/\/i0.wp.com\/soliref56.fr\/blog\/wp-content\/uploads\/2016\/01\/DSC_0158.jpg?fit=1000%2C517&ssl=1","jetpack_sharing_enabled":true,"jetpack_shortlink":"https:\/\/wp.me\/p6Sans-4k","jetpack-related-posts":[{"id":311,"url":"https:\/\/soliref56.fr\/blog\/index.php\/2016\/02\/10\/fin-de-collecte-temoignage-de-camille-sur-une-grande-reussite\/","url_meta":{"origin":268,"position":0},"title":"Fin de collecte: t\u00e9moignage de Camille sur une grande r\u00e9ussite","date":"10 f\u00e9vrier 2016","format":false,"excerpt":"Message et photos re\u00e7us de Camille hier soir: Voici les derni\u00e8res photos de la collecte qui a cartonn\u00e9 !!!! Le camion est arriv\u00e9 ce matin pile poil \u00e0 l'ouverture de l'entrep\u00f4t de l'auberge des migrants \u00e0 9h. La grande majorit\u00e9 des v\u00eatements a \u00e9t\u00e9 tri\u00e9 par taille et les chaussures\u2026","rel":"","context":"Dans &quot;calais&quot;","img":{"alt_text":"","src":"https:\/\/i0.wp.com\/soliref56.fr\/blog\/wp-content\/uploads\/2016\/02\/12717175_10206974940166178_8119749025640906378_n.jpg?fit=960%2C640&ssl=1&resize=350%2C200","width":350,"height":200},"classes":[]},{"id":248,"url":"https:\/\/soliref56.fr\/blog\/index.php\/2016\/01\/09\/des-chaussures-pour-calais-points-de-collecte-bretagne-et-angers\/","url_meta":{"origin":268,"position":1},"title":"Des chaussures pour Calais, points de collecte Bretagne et Angers","date":"9 janvier 2016","format":false,"excerpt":"Edit 23\/01\/2016 19h58: Important: la collecte a \u00e9volu\u00e9, il ne s'agit plus seulement de chaussures, nous avons maintenant un camion de 60m3 \u00e0 remplir et il y a de nouveaux points de collecte, notamment sur Vannes et environs, merci de lire directement\u00a0la mise \u00e0 jour. \u00a0 Bonjour, Ci-dessous une message\u2026","rel":"","context":"Dans &quot;angers&quot;","img":{"alt_text":"","src":"https:\/\/i0.wp.com\/soliref56.fr\/blog\/wp-content\/uploads\/2016\/01\/shoes.jpg?fit=1153%2C514&ssl=1&resize=350%2C200","width":350,"height":200},"classes":[]},{"id":260,"url":"https:\/\/soliref56.fr\/blog\/index.php\/2016\/01\/21\/nouvelle-liste-de-points-de-depots-pour-la-collecte-de-chaussures-environs-de-vannes\/","url_meta":{"origin":268,"position":2},"title":"Nouvelle liste de points de d\u00e9p\u00f4t pour la collecte de chaussures environs de Vannes","date":"21 janvier 2016","format":false,"excerpt":"Ci-dessous un message de Jacqueline qui donne notamment la liste de 10 nouveaux points de d\u00e9p\u00f4t pour alimenter la collecte organis\u00e9e par Camille. Vous pouvez aussi utiliser la carte interactive qui a \u00e9t\u00e9 mise \u00e0 jour avec ces nouvelles donn\u00e9es. En lien avec Camille la collecte a d\u00e9marr\u00e9 lundi 18\u2026","rel":"","context":"Dans &quot;calais&quot;","img":{"alt_text":"","src":"https:\/\/i0.wp.com\/soliref56.fr\/blog\/wp-content\/uploads\/2016\/01\/cartevannes.jpg?resize=350%2C200","width":350,"height":200},"classes":[]},{"id":299,"url":"https:\/\/soliref56.fr\/blog\/index.php\/2016\/02\/04\/appel-a-benevoles-pour-du-tri-et-du-conditionnement-a-quimper\/","url_meta":{"origin":268,"position":3},"title":"Appel \u00e0 b\u00e9n\u00e9voles pour du tri et du conditionnement \u00e0 Quimper","date":"4 f\u00e9vrier 2016","format":false,"excerpt":"Un message d'Isabelle qui est en contact avec Camille \u00e0 propos de sa collecte: La collecte pour l'Auberge des migrants a tr\u00e8s bien march\u00e9 et ils sont un peu d\u00e9bord\u00e9s pour le tri, ils recherchent donc du monde en urgence pour le tri et le conditionnement, dans une salle \u00e0\u2026","rel":"","context":"Dans &quot;camille&quot;","img":{"alt_text":"","src":"https:\/\/i0.wp.com\/soliref56.fr\/blog\/wp-content\/uploads\/2016\/02\/help-153094_640.png?fit=640%2C537&ssl=1&resize=350%2C200","width":350,"height":200},"classes":[]},{"id":21,"url":"https:\/\/soliref56.fr\/blog\/index.php\/2015\/10\/22\/collecte-pour-les-balkans\/","url_meta":{"origin":268,"position":4},"title":"Collecte pour les balkans","date":"22 octobre 2015","format":false,"excerpt":"Une collecte a \u00e9t\u00e9 organis\u00e9e ces derni\u00e8res semaines pour les r\u00e9fugi\u00e9s coinc\u00e9s dans les Balkans. Voici un point r\u00e9cent d'Ewa qui fera partie du convoi pour la fronti\u00e8re serbo-croate: 19 octobre 2015 Bilan de l'action : cinq collectes en tout sur Vannes et Plo\u00ebrmel, dont la derni\u00e8re ce dimanche matin\u2026","rel":"","context":"Dans &quot;balkans&quot;","img":{"alt_text":"premier voyage octobre 2015","src":"https:\/\/i0.wp.com\/soliref56.fr\/blog\/wp-content\/uploads\/2015\/10\/premier-voyage-octobre-2015.jpg?resize=350%2C200","width":350,"height":200},"classes":[]},{"id":325,"url":"https:\/\/soliref56.fr\/blog\/index.php\/2016\/02\/18\/nouvelle-collecte-a-scaer-pour-calais-et-besoin-de-financement\/","url_meta":{"origin":268,"position":5},"title":"Nouvelle collecte \u00e0 Sca\u00ebr pour Calais et besoin de financement","date":"18 f\u00e9vrier 2016","format":false,"excerpt":"Le collectif citoyen de Sca\u00ebr \"On est bretons, solidaires et on agit\" a une collecte en cours avec un nouveau rendez vous samedi 20 f\u00e9vrier, de 9h30 \u00e0 12h30, sur le march\u00e9 de Sca\u00ebr. Apparemment il y a d\u00e9j\u00e0 pas mal de dons, reste \u00e0 compl\u00e9ter et \u00e0 financer le\u2026","rel":"","context":"Dans &quot;calais&quot;","img":{"alt_text":"whatweneeed","src":"https:\/\/i0.wp.com\/soliref56.fr\/blog\/wp-content\/uploads\/2016\/02\/whatweneeed.jpg?resize=350%2C200","width":350,"height":200},"classes":[]}],"_links":{"self":[{"href":"https:\/\/soliref56.fr\/blog\/index.php\/wp-json\/wp\/v2\/posts\/268"}],"collection":[{"href":"https:\/\/soliref56.fr\/blog\/index.php\/wp-json\/wp\/v2\/posts"}],"about":[{"href":"https:\/\/soliref56.fr\/blog\/index.php\/wp-json\/wp\/v2\/types\/post"}],"author":[{"embeddable":true,"href":"https:\/\/soliref56.fr\/blog\/index.php\/wp-json\/wp\/v2\/users\/2"}],"replies":[{"embeddable":true,"href":"https:\/\/soliref56.fr\/blog\/index.php\/wp-json\/wp\/v2\/comments?post=268"}],"version-history":[{"count":3,"href":"https:\/\/soliref56.fr\/blog\/index.php\/wp-json\/wp\/v2\/posts\/268\/revisions"}],"predecessor-version":[{"id":274,"href":"https:\/\/soliref56.fr\/blog\/index.php\/wp-json\/wp\/v2\/posts\/268\/revisions\/274"}],"wp:featuredmedia":[{"embeddable":true,"href":"https:\/\/soliref56.fr\/blog\/index.php\/wp-json\/wp\/v2\/media\/269"}],"wp:attachment":[{"href":"https:\/\/soliref56.fr\/blog\/index.php\/wp-json\/wp\/v2\/media?parent=268"}],"wp:term":[{"taxonomy":"category","embeddable":true,"href":"https:\/\/soliref56.fr\/blog\/index.php\/wp-json\/wp\/v2\/categories?post=268"},{"taxonomy":"post_tag","embeddable":true,"href":"https:\/\/soliref56.fr\/blog\/index.php\/wp-json\/wp\/v2\/tags?post=268"}],"curies":[{"name":"wp","href":"https:\/\/api.w.org\/{rel}","templated":true}]}}