{"id":612,"date":"2019-07-01T09:02:07","date_gmt":"2019-07-01T08:02:07","guid":{"rendered":"http:\/\/soliref56.fr\/blog\/?p=612"},"modified":"2019-07-01T09:02:17","modified_gmt":"2019-07-01T08:02:17","slug":"vannes-famille-georgienne-cherche-logement","status":"publish","type":"post","link":"http:\/\/soliref56.fr\/blog\/index.php\/2019\/07\/01\/vannes-famille-georgienne-cherche-logement\/","title":{"rendered":"Vannes : famille g\u00e9orgienne cherche logement"},"content":{"rendered":"\n<p>Un message de Marie : <\/p>\n\n\n\n<blockquote class=\"wp-block-quote\"><p> Bonjour,  des enfants de l&rsquo;\u00e9cole de mon fils vont bient\u00f4t ne plus avoir de logement. Ils sont \u00e0 Vannes depuis moins d&rsquo;un an, ils viennent de Georgie  ils ont 3 filles ( 12, 8 et 3 ans ). L&rsquo;aide obtenue par le CADA va s&rsquo;arr\u00eater le 10 juillet; il font une demande de recours, tentent d&rsquo;obtenir une carte de s\u00e9jour pour personne malade. Mais ils sont tr\u00e8s inquiets: Ils cherchent un logement pour le 10 juillet. <\/p><\/blockquote>\n\n\n\n<p>Contact : <a href=\"https:\/\/www.facebook.com\/marie.lautri\">compte facebook de Marie<\/a><\/p>\n","protected":false},"excerpt":{"rendered":"<p>Un message de Marie : Bonjour, des enfants de l&rsquo;\u00e9cole de mon fils vont bient\u00f4t ne plus avoir de logement. Ils sont \u00e0 Vannes depuis moins d&rsquo;un an, ils viennent de Georgie ils ont 3 filles ( 12, 8 et 3 ans ). L&rsquo;aide obtenue par le CADA va s&rsquo;arr\u00eater le 10 juillet; il font &hellip; <a href=\"http:\/\/soliref56.fr\/blog\/index.php\/2019\/07\/01\/vannes-famille-georgienne-cherche-logement\/\" class=\"more-link\">Continuer la lecture de <span class=\"screen-reader-text\">Vannes : famille g\u00e9orgienne cherche logement<\/span><\/a><\/p>\n","protected":false},"author":2,"featured_media":0,"comment_status":"open","ping_status":"open","sticky":false,"template":"","format":"standard","meta":{"jetpack_post_was_ever_published":false,"jetpack_publicize_message":"","jetpack_is_tweetstorm":false,"jetpack_publicize_feature_enabled":true,"jetpack_social_post_already_shared":true,"jetpack_social_options":{"image_generator_settings":{"template":"highway","enabled":false}}},"categories":[1],"tags":[],"jetpack_publicize_connections":[],"jetpack_featured_media_url":"","jetpack_sharing_enabled":true,"jetpack_shortlink":"https:\/\/wp.me\/p6Sans-9S","jetpack-related-posts":[{"id":464,"url":"http:\/\/soliref56.fr\/blog\/index.php\/2016\/08\/07\/aider-la-famille-de-salah-survivant-des-bombardements-dalep\/","url_meta":{"origin":612,"position":0},"title":"Aider la famille de Salah, survivant des bombardements d&rsquo;Alep","date":"7 ao\u00fbt 2016","format":false,"excerpt":"Chers tous, une fois de plus nous revenons sur ce site cr\u00e9\u00e9 b\u00e9n\u00e9volement par J\u00e9rome ( merci infiniment ) pour vous communiquer les besoins des r\u00e9fugi\u00e9s. Nous avons rencontr\u00e9 Abla et Salah, en juillet dans le camp \u00e0 Cherso ( nord de la Gr\u00e8ce). Ainsi, en solidarit\u00e9 avec Abla, maman\u2026","rel":"","context":"Dans &quot;Non class\u00e9&quot;","img":{"alt_text":"","src":"","width":0,"height":0},"classes":[]},{"id":565,"url":"http:\/\/soliref56.fr\/blog\/index.php\/2017\/03\/31\/urgent-recherche-hebergement\/","url_meta":{"origin":612,"position":1},"title":"Urgent recherche h\u00e9bergement","date":"31 mars 2017","format":false,"excerpt":"Message de Nathalie Bonjour \u00e0 tous, Les mobil homes du 115 ferment dans plusieurs villes aujourd'hui. Beaucoup de personnes se retrouvent \u00e0 la rue. Les mobil homes du 115 de Plo\u00ebrmel sont ferm\u00e9s depuis 7 heures ce matin et vont \u00eatre enlev\u00e9s aujourd'hui d\u00e8s 9 heures. Sur Vannes, il y\u2026","rel":"","context":"Dans &quot;Non class\u00e9&quot;","img":{"alt_text":"","src":"","width":0,"height":0},"classes":[]},{"id":630,"url":"http:\/\/soliref56.fr\/blog\/index.php\/2021\/06\/23\/recherche-hebergement-famille-avec-3-enfants-vannes\/","url_meta":{"origin":612,"position":2},"title":"Recherche h\u00e9bergement famille avec 3 enfants (Vannes)","date":"23 juin 2021","format":false,"excerpt":"Un message en provenance du service CADA de Vannes Contact Ma\u00eblle GARAUD Conseill\u00e8re en Economie Sociale FamilialeP\u00f4le Asile-R\u00e9fugi\u00e9s Service CADA Vannes89, Boulevard de la paix \u2013 CS 5031956008 VANNES CEDEX02.97.13.80.90 \/ 06.49.67.03.88www.amisep.fr Message re\u00e7u le 22 juin 2021 Bonjour, R\u00e9f\u00e9rente sociale au sein de l\u2019AMISEP \u2013 P\u00f4le Asile-R\u00e9fugi\u00e9s \u2013 CADA,\u2026","rel":"","context":"Dans &quot;vannes&quot;","img":{"alt_text":"","src":"https:\/\/i0.wp.com\/soliref56.fr\/blog\/wp-content\/uploads\/2021\/06\/amisep.jpg?fit=1195%2C687&resize=350%2C200","width":350,"height":200},"classes":[]},{"id":155,"url":"http:\/\/soliref56.fr\/blog\/index.php\/2015\/11\/06\/questembert-besoin-de-soutien-financier-pour-une-famille\/","url_meta":{"origin":612,"position":3},"title":"Questembert: besoin de soutien financier pour une famille","date":"6 novembre 2015","format":false,"excerpt":"Odile Le Normand nous contacte\u00a0pour\u00a0une famille kosovare accueillie \u00e0 Questembert. Voici un extrait du mail adress\u00e9\u00a0aux personnes en contact en date du 29 octobre dernier: Je vous contacte pour la famille de [...], famille de Kosovars qui \u00e9tait \u00e0 la rue fin ao\u00fbt. Nous sommes content la famille se pla\u00eet\u2026","rel":"","context":"Dans &quot;questembert&quot;","img":{"alt_text":"","src":"https:\/\/i0.wp.com\/soliref56.fr\/blog\/wp-content\/uploads\/2015\/11\/euro-870757_1920.jpg?fit=800%2C284&resize=350%2C200","width":350,"height":200},"classes":[]},{"id":113,"url":"http:\/\/soliref56.fr\/blog\/index.php\/2015\/11\/01\/carnet-de-bord-soliref56-1er-novembre-2015\/","url_meta":{"origin":612,"position":4},"title":"Carnet de bord SoliRef56: 1er novembre 2015","date":"1 novembre 2015","format":false,"excerpt":"SoliRef56 est tout jeune, encore peu de contenu mais les outils sont en place. Cette semaine j'ai principalement rempli\u00a0le blog avec les nouvelles du\u00a0voyage d'Ewa dans les Balkans. Les derni\u00e8res infos en vrac: nous disposons d'une page facebook et d'un compte twitter, pour ceux qui utilisent ces r\u00e9seaux sociaux c'est\u2026","rel":"","context":"Dans &quot;quoi de neuf&quot;","img":{"alt_text":"","src":"https:\/\/i0.wp.com\/soliref56.fr\/blog\/wp-content\/uploads\/2015\/11\/carnetdebord.jpg?fit=800%2C317&resize=350%2C200","width":350,"height":200},"classes":[]},{"id":448,"url":"http:\/\/soliref56.fr\/blog\/index.php\/2016\/07\/07\/parler-de-la-situation-des-refugies-ce-vendredi-a-vannes\/","url_meta":{"origin":612,"position":5},"title":"Parler de la situation des r\u00e9fugies, ce vendredi \u00e0 Vannes","date":"7 juillet 2016","format":false,"excerpt":"Communiqu\u00e9 du Collectif Secours aux r\u00e9fugi\u00e9s en Gr\u00e8ce Si vous souhaitez nous rejoindre, nous organisons une rencontre ce vendredi 8 juillet \u00e0 18h30 \u00e0 la Maison des associations \u00e0 Vannes. Au programme : t\u00e9moignages de nos b\u00e9n\u00e9voles, aussi de notre ami Yamen qui avec toute sa famille est toujours dans\u2026","rel":"","context":"Dans &quot;Non class\u00e9&quot;","img":{"alt_text":"","src":"https:\/\/i0.wp.com\/soliref56.fr\/blog\/wp-content\/uploads\/2016\/07\/JUILLET-300x213.jpg?resize=350%2C200","width":350,"height":200},"classes":[]}],"_links":{"self":[{"href":"http:\/\/soliref56.fr\/blog\/index.php\/wp-json\/wp\/v2\/posts\/612"}],"collection":[{"href":"http:\/\/soliref56.fr\/blog\/index.php\/wp-json\/wp\/v2\/posts"}],"about":[{"href":"http:\/\/soliref56.fr\/blog\/index.php\/wp-json\/wp\/v2\/types\/post"}],"author":[{"embeddable":true,"href":"http:\/\/soliref56.fr\/blog\/index.php\/wp-json\/wp\/v2\/users\/2"}],"replies":[{"embeddable":true,"href":"http:\/\/soliref56.fr\/blog\/index.php\/wp-json\/wp\/v2\/comments?post=612"}],"version-history":[{"count":1,"href":"http:\/\/soliref56.fr\/blog\/index.php\/wp-json\/wp\/v2\/posts\/612\/revisions"}],"predecessor-version":[{"id":613,"href":"http:\/\/soliref56.fr\/blog\/index.php\/wp-json\/wp\/v2\/posts\/612\/revisions\/613"}],"wp:attachment":[{"href":"http:\/\/soliref56.fr\/blog\/index.php\/wp-json\/wp\/v2\/media?parent=612"}],"wp:term":[{"taxonomy":"category","embeddable":true,"href":"http:\/\/soliref56.fr\/blog\/index.php\/wp-json\/wp\/v2\/categories?post=612"},{"taxonomy":"post_tag","embeddable":true,"href":"http:\/\/soliref56.fr\/blog\/index.php\/wp-json\/wp\/v2\/tags?post=612"}],"curies":[{"name":"wp","href":"https:\/\/api.w.org\/{rel}","templated":true}]}}