{"id":609,"date":"2019-06-27T15:31:01","date_gmt":"2019-06-27T14:31:01","guid":{"rendered":"http:\/\/soliref56.fr\/blog\/?p=609"},"modified":"2019-06-28T17:25:32","modified_gmt":"2019-06-28T16:25:32","slug":"une-famille-de-4-personne-cherche-logement-sur-pontivy","status":"publish","type":"post","link":"http:\/\/soliref56.fr\/blog\/index.php\/2019\/06\/27\/une-famille-de-4-personne-cherche-logement-sur-pontivy\/","title":{"rendered":"Une famille de 4 personnes cherche logement sur Pontivy"},"content":{"rendered":"<p>Il s&rsquo;agit d&rsquo;un couple avec 2 filles de 17 et 20 ans, dont une au Lyc\u00e9e Joseph-Lot de Pontivy.<\/p>\n<p>Me contacter pour les coordonn\u00e9es de la m\u00e8re de famille en laissant un commentaire \u00e0 ce post ou par les autres moyens <a href=\"http:\/\/soliref56.fr\/blog\/index.php\/qui-sommes-nous\/\">en bas de cette page<\/a><\/p>\n","protected":false},"excerpt":{"rendered":"<p>Il s&rsquo;agit d&rsquo;un couple avec 2 filles de 17 et 20 ans, dont une au Lyc\u00e9e Joseph-Lot de Pontivy. Me contacter pour les coordonn\u00e9es de la m\u00e8re de famille en laissant un commentaire \u00e0 ce post ou par les autres moyens en bas de cette page<\/p>\n","protected":false},"author":2,"featured_media":0,"comment_status":"open","ping_status":"open","sticky":false,"template":"","format":"standard","meta":{"jetpack_post_was_ever_published":false,"jetpack_publicize_message":"","jetpack_is_tweetstorm":false,"jetpack_publicize_feature_enabled":true,"jetpack_social_post_already_shared":true,"jetpack_social_options":{"image_generator_settings":{"template":"highway","enabled":false}}},"categories":[56],"tags":[],"jetpack_publicize_connections":[],"jetpack_featured_media_url":"","jetpack_sharing_enabled":true,"jetpack_shortlink":"https:\/\/wp.me\/p6Sans-9P","jetpack-related-posts":[{"id":606,"url":"http:\/\/soliref56.fr\/blog\/index.php\/2019\/05\/02\/pontivy-recherche-durgence-un-hebergement-pour-une-famille-georgienne\/","url_meta":{"origin":609,"position":0},"title":"PONTIVY : Recherche d&rsquo;urgence un h\u00e9bergement pour une famille Georgienne","date":"2 mai 2019","format":false,"excerpt":"Une demande urgente sur Pontivy re\u00e7u le 1er mai 2019. Contact : association RESF 56, Pontivy Message re\u00e7u : \"La nouvelle famille qui sort demain est g\u00e9orgienne. 4 personnes, les parents, une fillette de \u00a07 ans qui est \u00e0 l'\u00e9cole \u00e0 Paul Langevin \u00e0 Pontivy Il y a un b\u00e9b\u00e9\u2026","rel":"","context":"Dans &quot;pontivy&quot;","img":{"alt_text":"","src":"","width":0,"height":0},"classes":[]},{"id":615,"url":"http:\/\/soliref56.fr\/blog\/index.php\/2019\/07\/19\/presentation-france-accueil-accompagnement-reinstalles\/","url_meta":{"origin":609,"position":1},"title":"Pr\u00e9sentation France Accueil Accompagnement R\u00e9install\u00e9s","date":"19 juillet 2019","format":false,"excerpt":"Bonjour, ci dessous un message d'un service de France Terre d'Asile qui recherche du r\u00e9seau. Le service France Accueil Accompagnement R\u00e9install\u00e9s de l'association France Terre d'Asile sur le territoire du Morbihan. Ce service est d\u00e9di\u00e9 \u00e0 l'accueil de familles syriennes au titre de la r\u00e9installation humanitaire. Actuellement nous accompagnons pour\u2026","rel":"","context":"Dans &quot;Non class\u00e9&quot;","img":{"alt_text":"","src":"https:\/\/i0.wp.com\/soliref56.fr\/blog\/wp-content\/uploads\/2019\/07\/Logo_france_terre_dasile.jpg?fit=945%2C584&resize=350%2C200","width":350,"height":200},"classes":[]},{"id":155,"url":"http:\/\/soliref56.fr\/blog\/index.php\/2015\/11\/06\/questembert-besoin-de-soutien-financier-pour-une-famille\/","url_meta":{"origin":609,"position":2},"title":"Questembert: besoin de soutien financier pour une famille","date":"6 novembre 2015","format":false,"excerpt":"Odile Le Normand nous contacte\u00a0pour\u00a0une famille kosovare accueillie \u00e0 Questembert. Voici un extrait du mail adress\u00e9\u00a0aux personnes en contact en date du 29 octobre dernier: Je vous contacte pour la famille de [...], famille de Kosovars qui \u00e9tait \u00e0 la rue fin ao\u00fbt. Nous sommes content la famille se pla\u00eet\u2026","rel":"","context":"Dans &quot;questembert&quot;","img":{"alt_text":"","src":"https:\/\/i0.wp.com\/soliref56.fr\/blog\/wp-content\/uploads\/2015\/11\/euro-870757_1920.jpg?fit=800%2C284&resize=350%2C200","width":350,"height":200},"classes":[]},{"id":464,"url":"http:\/\/soliref56.fr\/blog\/index.php\/2016\/08\/07\/aider-la-famille-de-salah-survivant-des-bombardements-dalep\/","url_meta":{"origin":609,"position":3},"title":"Aider la famille de Salah, survivant des bombardements d&rsquo;Alep","date":"7 ao\u00fbt 2016","format":false,"excerpt":"Chers tous, une fois de plus nous revenons sur ce site cr\u00e9\u00e9 b\u00e9n\u00e9volement par J\u00e9rome ( merci infiniment ) pour vous communiquer les besoins des r\u00e9fugi\u00e9s. Nous avons rencontr\u00e9 Abla et Salah, en juillet dans le camp \u00e0 Cherso ( nord de la Gr\u00e8ce). Ainsi, en solidarit\u00e9 avec Abla, maman\u2026","rel":"","context":"Dans &quot;Non class\u00e9&quot;","img":{"alt_text":"","src":"","width":0,"height":0},"classes":[]},{"id":630,"url":"http:\/\/soliref56.fr\/blog\/index.php\/2021\/06\/23\/recherche-hebergement-famille-avec-3-enfants-vannes\/","url_meta":{"origin":609,"position":4},"title":"Recherche h\u00e9bergement famille avec 3 enfants (Vannes)","date":"23 juin 2021","format":false,"excerpt":"Un message en provenance du service CADA de Vannes Contact Ma\u00eblle GARAUD Conseill\u00e8re en Economie Sociale FamilialeP\u00f4le Asile-R\u00e9fugi\u00e9s Service CADA Vannes89, Boulevard de la paix \u2013 CS 5031956008 VANNES CEDEX02.97.13.80.90 \/ 06.49.67.03.88www.amisep.fr Message re\u00e7u le 22 juin 2021 Bonjour, R\u00e9f\u00e9rente sociale au sein de l\u2019AMISEP \u2013 P\u00f4le Asile-R\u00e9fugi\u00e9s \u2013 CADA,\u2026","rel":"","context":"Dans &quot;vannes&quot;","img":{"alt_text":"","src":"https:\/\/i0.wp.com\/soliref56.fr\/blog\/wp-content\/uploads\/2021\/06\/amisep.jpg?fit=1195%2C687&resize=350%2C200","width":350,"height":200},"classes":[]},{"id":565,"url":"http:\/\/soliref56.fr\/blog\/index.php\/2017\/03\/31\/urgent-recherche-hebergement\/","url_meta":{"origin":609,"position":5},"title":"Urgent recherche h\u00e9bergement","date":"31 mars 2017","format":false,"excerpt":"Message de Nathalie Bonjour \u00e0 tous, Les mobil homes du 115 ferment dans plusieurs villes aujourd'hui. Beaucoup de personnes se retrouvent \u00e0 la rue. Les mobil homes du 115 de Plo\u00ebrmel sont ferm\u00e9s depuis 7 heures ce matin et vont \u00eatre enlev\u00e9s aujourd'hui d\u00e8s 9 heures. Sur Vannes, il y\u2026","rel":"","context":"Dans &quot;Non class\u00e9&quot;","img":{"alt_text":"","src":"","width":0,"height":0},"classes":[]}],"_links":{"self":[{"href":"http:\/\/soliref56.fr\/blog\/index.php\/wp-json\/wp\/v2\/posts\/609"}],"collection":[{"href":"http:\/\/soliref56.fr\/blog\/index.php\/wp-json\/wp\/v2\/posts"}],"about":[{"href":"http:\/\/soliref56.fr\/blog\/index.php\/wp-json\/wp\/v2\/types\/post"}],"author":[{"embeddable":true,"href":"http:\/\/soliref56.fr\/blog\/index.php\/wp-json\/wp\/v2\/users\/2"}],"replies":[{"embeddable":true,"href":"http:\/\/soliref56.fr\/blog\/index.php\/wp-json\/wp\/v2\/comments?post=609"}],"version-history":[{"count":2,"href":"http:\/\/soliref56.fr\/blog\/index.php\/wp-json\/wp\/v2\/posts\/609\/revisions"}],"predecessor-version":[{"id":611,"href":"http:\/\/soliref56.fr\/blog\/index.php\/wp-json\/wp\/v2\/posts\/609\/revisions\/611"}],"wp:attachment":[{"href":"http:\/\/soliref56.fr\/blog\/index.php\/wp-json\/wp\/v2\/media?parent=609"}],"wp:term":[{"taxonomy":"category","embeddable":true,"href":"http:\/\/soliref56.fr\/blog\/index.php\/wp-json\/wp\/v2\/categories?post=609"},{"taxonomy":"post_tag","embeddable":true,"href":"http:\/\/soliref56.fr\/blog\/index.php\/wp-json\/wp\/v2\/tags?post=609"}],"curies":[{"name":"wp","href":"https:\/\/api.w.org\/{rel}","templated":true}]}}