{"id":530,"date":"2017-01-05T09:28:47","date_gmt":"2017-01-05T08:28:47","guid":{"rendered":"http:\/\/soliref56.fr\/blog\/?p=530"},"modified":"2017-01-05T16:27:47","modified_gmt":"2017-01-05T15:27:47","slug":"dernieres-collectes-avant-le-depart-du-camion-le-7-janvier-a-ploermel","status":"publish","type":"post","link":"http:\/\/soliref56.fr\/blog\/index.php\/2017\/01\/05\/dernieres-collectes-avant-le-depart-du-camion-le-7-janvier-a-ploermel\/","title":{"rendered":"Derni\u00e8res collectes avant le d\u00e9part du camion le 7 janvier \u00e0 Plo\u00ebrmel"},"content":{"rendered":"<figure id=\"attachment_532\" aria-describedby=\"caption-attachment-532\" style=\"width: 165px\" class=\"wp-caption alignright\"><a href=\"https:\/\/i0.wp.com\/soliref56.fr\/blog\/wp-content\/uploads\/2017\/01\/IMG_20161228_140338.jpg\"><img data-attachment-id=\"532\" data-permalink=\"http:\/\/soliref56.fr\/blog\/index.php\/2017\/01\/05\/dernieres-collectes-avant-le-depart-du-camion-le-7-janvier-a-ploermel\/img_20161228_140338\/\" data-orig-file=\"https:\/\/i0.wp.com\/soliref56.fr\/blog\/wp-content\/uploads\/2017\/01\/IMG_20161228_140338.jpg?fit=165%2C220\" data-orig-size=\"165,220\" data-comments-opened=\"1\" data-image-meta=\"{&quot;aperture&quot;:&quot;0&quot;,&quot;credit&quot;:&quot;&quot;,&quot;camera&quot;:&quot;&quot;,&quot;caption&quot;:&quot;&quot;,&quot;created_timestamp&quot;:&quot;0&quot;,&quot;copyright&quot;:&quot;&quot;,&quot;focal_length&quot;:&quot;0&quot;,&quot;iso&quot;:&quot;0&quot;,&quot;shutter_speed&quot;:&quot;0&quot;,&quot;title&quot;:&quot;&quot;,&quot;orientation&quot;:&quot;0&quot;}\" data-image-title=\"img_20161228_140338\" data-image-description=\"\" data-image-caption=\"\" data-medium-file=\"https:\/\/i0.wp.com\/soliref56.fr\/blog\/wp-content\/uploads\/2017\/01\/IMG_20161228_140338.jpg?fit=165%2C220\" data-large-file=\"https:\/\/i0.wp.com\/soliref56.fr\/blog\/wp-content\/uploads\/2017\/01\/IMG_20161228_140338.jpg?fit=165%2C220\" decoding=\"async\" loading=\"lazy\" class=\"wp-image-532 size-full\" src=\"https:\/\/i0.wp.com\/soliref56.fr\/blog\/wp-content\/uploads\/2017\/01\/IMG_20161228_140338.jpg?resize=165%2C220\" alt=\"img_20161228_140338\" width=\"165\" height=\"220\" data-recalc-dims=\"1\" \/><\/a><figcaption id=\"caption-attachment-532\" class=\"wp-caption-text\">Les pierres qui ont \u00e9t\u00e9 pos\u00e9es avant m\u00eame l&rsquo;ouverture du Centre Humanitaire<\/figcaption><\/figure>\n<p>Depuis des semaines, nous collectons des biens pour le centre humanitaire de la Porte de la Chapelle \u00e0 Paris et le vestiaire de la Chapelle. Nous avons collect\u00e9s plus de 30 m3 de biens et nous avons encore besoin de remplir l\u2019\u00e9quivalent d\u2019un camion. Le lyc\u00e9e public de Guer avec la section des routiers vont acheminer les biens le 16 janvier. Ce sera donc les toutes derni\u00e8res collectes ce week-end. Nous comptons sur votre solidarit\u00e9. Les besoins sont \u00e9normes sur Paris. Des hommes, des femmes, des enfants dorment dans la rue. Ils comptent sur vous.<\/p>\n<h3>La liste des besoins<\/h3>\n<p>Les besoins permanents sont les tentes, les couvertures, les sacs<br \/>\nde couchages (urgence). Nous avons assez de biens pour les femmes et les enfants.<\/p>\n<p><strong>Des v\u00eatements de taille S ,M et L pour hommes uniquement.<\/strong><\/p>\n<p>Blousons, manteaux, jeans, pantalons, joggings, sweats, pulls, tee-shirts \u00e0 manches longues, des chaussures de la pointure 39 \u00e0 44 , des baskets, des chaussettes, des slips neufs, des \u00e9charpes, des gants, des bonnets, des produits d&rsquo;hygi\u00e8ne (pensez \u00e0 la cr\u00e8me pour les mains), petits sacs \u00e0 dos.<\/p>\n<figure id=\"attachment_533\" aria-describedby=\"caption-attachment-533\" style=\"width: 947px\" class=\"wp-caption aligncenter\"><a href=\"https:\/\/i0.wp.com\/soliref56.fr\/blog\/wp-content\/uploads\/2017\/01\/IMG_20161228_140700.jpg\"><img data-attachment-id=\"533\" data-permalink=\"http:\/\/soliref56.fr\/blog\/index.php\/2017\/01\/05\/dernieres-collectes-avant-le-depart-du-camion-le-7-janvier-a-ploermel\/img_20161228_140700\/\" data-orig-file=\"https:\/\/i0.wp.com\/soliref56.fr\/blog\/wp-content\/uploads\/2017\/01\/IMG_20161228_140700.jpg?fit=947%2C710\" data-orig-size=\"947,710\" data-comments-opened=\"1\" data-image-meta=\"{&quot;aperture&quot;:&quot;0&quot;,&quot;credit&quot;:&quot;&quot;,&quot;camera&quot;:&quot;&quot;,&quot;caption&quot;:&quot;&quot;,&quot;created_timestamp&quot;:&quot;0&quot;,&quot;copyright&quot;:&quot;&quot;,&quot;focal_length&quot;:&quot;0&quot;,&quot;iso&quot;:&quot;0&quot;,&quot;shutter_speed&quot;:&quot;0&quot;,&quot;title&quot;:&quot;&quot;,&quot;orientation&quot;:&quot;0&quot;}\" data-image-title=\"img_20161228_140700\" data-image-description=\"\" data-image-caption=\"&lt;p&gt;    Le pont sous lequel les migrants dorment o\u00f9 essayent de dormir.&lt;\/p&gt;\n\" data-medium-file=\"https:\/\/i0.wp.com\/soliref56.fr\/blog\/wp-content\/uploads\/2017\/01\/IMG_20161228_140700.jpg?fit=300%2C225\" data-large-file=\"https:\/\/i0.wp.com\/soliref56.fr\/blog\/wp-content\/uploads\/2017\/01\/IMG_20161228_140700.jpg?fit=660%2C495\" decoding=\"async\" loading=\"lazy\" class=\"wp-image-533 size-full\" src=\"https:\/\/i0.wp.com\/soliref56.fr\/blog\/wp-content\/uploads\/2017\/01\/IMG_20161228_140700.jpg?resize=660%2C495\" alt=\" Le pont sous lequel les migrants dorment o\u00f9 essayent de dormir.\" width=\"660\" height=\"495\" srcset=\"https:\/\/i0.wp.com\/soliref56.fr\/blog\/wp-content\/uploads\/2017\/01\/IMG_20161228_140700.jpg?w=947 947w, https:\/\/i0.wp.com\/soliref56.fr\/blog\/wp-content\/uploads\/2017\/01\/IMG_20161228_140700.jpg?resize=300%2C225 300w\" sizes=\"(max-width: 660px) 100vw, 660px\" data-recalc-dims=\"1\" \/><\/a><figcaption id=\"caption-attachment-533\" class=\"wp-caption-text\">Le pont sous lequel les migrants dorment o\u00f9 essayent de dormir.<\/figcaption><\/figure>\n<p><a href=\"https:\/\/www.helloasso.com\/associations\/solidarite-refugies-centre-bretagne\/collectes\/besoin-urgent-de-chaussettes-neuves-et-de-boxer-pour-les-migrants-hommes-1\">Une campagne de financement<\/a> participatif pour l&rsquo;achat de chaussettes et de boxers va se terminer dans 1 jour via Hello Asso solidarit\u00e9 r\u00e9fugi\u00e9s Centre-Bretagne. Nous comptons sur vous pour que cette cagnotte atteigne son objectif de 1200 euros.<\/p>\n<h3>Lieux de collectes<\/h3>\n<p>Plo\u00ebrmel \u00e0 la salle des Carmes de <strong>10 h \u00e0 13 h samedi 7 janvier<\/strong>. Si vous souhaitez aider pour la collecte vous \u00eates les bienvenus. Contact 06.62.93.58.12.<\/p>\n<p>Pl\u00e9lan Le Grand sur le march\u00e9 dimanche 8 janvier.<\/p>\n<p>Cordialement.<\/p>\n<p>Nathalie Guillemot.<\/p>\n<p>Co-pr\u00e9sidente de solidarit\u00e9 r\u00e9fugi\u00e9s Centre-Bretagne<\/p>\n<figure id=\"attachment_531\" aria-describedby=\"caption-attachment-531\" style=\"width: 532px\" class=\"wp-caption aligncenter\"><a href=\"https:\/\/i0.wp.com\/soliref56.fr\/blog\/wp-content\/uploads\/2017\/01\/IMG_20161227_172512.jpg\"><img data-attachment-id=\"531\" data-permalink=\"http:\/\/soliref56.fr\/blog\/index.php\/2017\/01\/05\/dernieres-collectes-avant-le-depart-du-camion-le-7-janvier-a-ploermel\/img_20161227_172512\/\" data-orig-file=\"https:\/\/i0.wp.com\/soliref56.fr\/blog\/wp-content\/uploads\/2017\/01\/IMG_20161227_172512.jpg?fit=532%2C710\" data-orig-size=\"532,710\" data-comments-opened=\"1\" data-image-meta=\"{&quot;aperture&quot;:&quot;0&quot;,&quot;credit&quot;:&quot;&quot;,&quot;camera&quot;:&quot;&quot;,&quot;caption&quot;:&quot;&quot;,&quot;created_timestamp&quot;:&quot;0&quot;,&quot;copyright&quot;:&quot;&quot;,&quot;focal_length&quot;:&quot;0&quot;,&quot;iso&quot;:&quot;0&quot;,&quot;shutter_speed&quot;:&quot;0&quot;,&quot;title&quot;:&quot;&quot;,&quot;orientation&quot;:&quot;0&quot;}\" data-image-title=\"img_20161227_172512\" data-image-description=\"\" data-image-caption=\"\" data-medium-file=\"https:\/\/i0.wp.com\/soliref56.fr\/blog\/wp-content\/uploads\/2017\/01\/IMG_20161227_172512.jpg?fit=225%2C300\" data-large-file=\"https:\/\/i0.wp.com\/soliref56.fr\/blog\/wp-content\/uploads\/2017\/01\/IMG_20161227_172512.jpg?fit=532%2C710\" decoding=\"async\" loading=\"lazy\" class=\"wp-image-531 size-full\" src=\"https:\/\/i0.wp.com\/soliref56.fr\/blog\/wp-content\/uploads\/2017\/01\/IMG_20161227_172512.jpg?resize=532%2C710\" alt=\"img_20161227_172512\" width=\"532\" height=\"710\" srcset=\"https:\/\/i0.wp.com\/soliref56.fr\/blog\/wp-content\/uploads\/2017\/01\/IMG_20161227_172512.jpg?w=532 532w, https:\/\/i0.wp.com\/soliref56.fr\/blog\/wp-content\/uploads\/2017\/01\/IMG_20161227_172512.jpg?resize=225%2C300 225w\" sizes=\"(max-width: 532px) 100vw, 532px\" data-recalc-dims=\"1\" \/><\/a><figcaption id=\"caption-attachment-531\" class=\"wp-caption-text\">Le vestiaire de la Chapelle avec Pedro.<\/figcaption><\/figure>\n","protected":false},"excerpt":{"rendered":"<p>Depuis des semaines, nous collectons des biens pour le centre humanitaire de la Porte de la Chapelle \u00e0 Paris et le vestiaire de la Chapelle. Nous avons collect\u00e9s plus de 30 m3 de biens et nous avons encore besoin de remplir l\u2019\u00e9quivalent d\u2019un camion. Le lyc\u00e9e public de Guer avec la section des routiers vont &hellip; <a href=\"http:\/\/soliref56.fr\/blog\/index.php\/2017\/01\/05\/dernieres-collectes-avant-le-depart-du-camion-le-7-janvier-a-ploermel\/\" class=\"more-link\">Continuer la lecture de <span class=\"screen-reader-text\">Derni\u00e8res collectes avant le d\u00e9part du camion le 7 janvier \u00e0 Plo\u00ebrmel<\/span><\/a><\/p>\n","protected":false},"author":2,"featured_media":535,"comment_status":"open","ping_status":"open","sticky":false,"template":"","format":"standard","meta":{"jetpack_post_was_ever_published":false,"jetpack_publicize_message":"","jetpack_is_tweetstorm":false,"jetpack_publicize_feature_enabled":true,"jetpack_social_post_already_shared":true,"jetpack_social_options":{"image_generator_settings":{"template":"highway","enabled":false}}},"categories":[14],"tags":[],"jetpack_publicize_connections":[],"jetpack_featured_media_url":"https:\/\/i0.wp.com\/soliref56.fr\/blog\/wp-content\/uploads\/2017\/01\/camionsolidaire.jpg?fit=900%2C450","jetpack_sharing_enabled":true,"jetpack_shortlink":"https:\/\/wp.me\/p6Sans-8y","jetpack-related-posts":[{"id":519,"url":"http:\/\/soliref56.fr\/blog\/index.php\/2016\/12\/16\/des-eleves-routiers-de-guer-pour-le-transport-nouvelle-collecte-a-ploermel\/","url_meta":{"origin":530,"position":0},"title":"Des \u00e9l\u00e8ves routiers de Guer pour le transport + nouvelle collecte \u00e0 Plo\u00ebrmel","date":"16 d\u00e9cembre 2016","format":false,"excerpt":"Un message de Nathalie Guillemot : Bonsoir \u00e0 tous, Les \u00e9l\u00e8ves routiers du lyc\u00e9e de Guer vont acheminer des biens vers le centre humanitaire de Paris porte de la Chapelle au mois de janvier. Le d\u00e9part est pr\u00e9vu pour le 16 de Guer pour arriver le 17 sur le centre\u2026","rel":"","context":"Dans &quot;plo\u00ebrmel&quot;","img":{"alt_text":"","src":"https:\/\/i0.wp.com\/soliref56.fr\/blog\/wp-content\/uploads\/2016\/12\/2016-12-14-15.05.21.jpg?fit=1200%2C900&resize=350%2C200","width":350,"height":200},"classes":[]},{"id":526,"url":"http:\/\/soliref56.fr\/blog\/index.php\/2016\/12\/28\/plusieurs-collectes-ce-31-decembre-sur-le-pays-de-ploermel\/","url_meta":{"origin":530,"position":1},"title":"Plusieurs collectes ce 31 d\u00e9cembre sur le pays de Plo\u00ebrmel","date":"28 d\u00e9cembre 2016","format":false,"excerpt":"Bonsoir \u00e0 tous, Deux camions de la section routier du Lyc\u00e9e de Guer doivent acheminer les biens collect\u00e9s le 16 janvier sur le centre humanitaire de la Chapelle \u00e0 Paris. Les b\u00e9n\u00e9voles se mobilisent ! MALESTROIT de 10 h 30 \u00e0 13 h00 rue Narvik dans la classe mobile pr\u00e8s\u2026","rel":"","context":"Dans &quot;malestroit&quot;","img":{"alt_text":"","src":"https:\/\/i0.wp.com\/soliref56.fr\/blog\/wp-content\/uploads\/2016\/12\/collectes31dec16.jpg?fit=870%2C508&resize=350%2C200","width":350,"height":200},"classes":[]},{"id":549,"url":"http:\/\/soliref56.fr\/blog\/index.php\/2017\/01\/19\/plusieurs-lieux-de-collectes-ce-week-end-les-actions-se-multiplient\/","url_meta":{"origin":530,"position":2},"title":"Plusieurs lieux de collectes ce week-end, les actions se multiplient !","date":"19 janvier 2017","format":false,"excerpt":"Ci dessous un message de Solidarit\u00e9 R\u00e9fugi\u00e9s Centre Bretagne Ce week-end grande mobilisation en faveur des r\u00e9fugi\u00e9s ! Alors que les \u00e9l\u00e8ves routiers du Lyc\u00e9e de Broc\u00e9liande de Guer ont achemin\u00e9 les biens vers le Centre-humanitaire de La Chapelle \u00e0 Paris cette semaine, les b\u00e9n\u00e9voles s'activent pour organiser des collectes\u2026","rel":"","context":"Dans &quot;josselin&quot;","img":{"alt_text":"","src":"https:\/\/i0.wp.com\/soliref56.fr\/blog\/wp-content\/uploads\/2017\/01\/1484069053610.jpg?fit=296%2C396&resize=350%2C200","width":350,"height":200},"classes":[]},{"id":503,"url":"http:\/\/soliref56.fr\/blog\/index.php\/2016\/12\/02\/collecte-ploermel\/","url_meta":{"origin":530,"position":3},"title":"Collectes Plo\u00ebrmel","date":"2 d\u00e9cembre 2016","format":false,"excerpt":"Bonjour, ci dessous un message de Nathalie : COLLECTES TOUS LES SAMEDI A PLOERMEL DE 10 H A 13 H A LA SALLE DES CARMES (sous l\u2019office du tourisme) Lundi dernier, le camion dont la logistique est g\u00e9r\u00e9e par les voltigeurs de Morlaix a fait la ramasse des collectes en\u2026","rel":"","context":"Dans &quot;plo\u00ebrmel&quot;","img":{"alt_text":"","src":"https:\/\/i0.wp.com\/soliref56.fr\/blog\/wp-content\/uploads\/2016\/12\/unnamed.jpg?fit=960%2C720&resize=350%2C200","width":350,"height":200},"classes":[]},{"id":523,"url":"http:\/\/soliref56.fr\/blog\/index.php\/2016\/12\/22\/ce-week-end-plusieurs-collectes-sur-le-pays-de-ploermel\/","url_meta":{"origin":530,"position":4},"title":"Ce week-end plusieurs collectes sur le Pays de Plo\u00ebrmel","date":"22 d\u00e9cembre 2016","format":false,"excerpt":"Illustration: Mot d'un migrant sur un petit morceau de papier. Un message de Nathalie Guillemot: Bonsoir \u00e0 tous, Ce week-end plusieurs collectes sur le Pays de Plo\u00ebrmel Monteneuf : Le vendredi 23 d\u00e9cembre de 9 h \u00e0 13 h \u00e0 la salle du foyer (derri\u00e8re la mairie). De 17 h\u2026","rel":"","context":"Dans &quot;monteneuf&quot;","img":{"alt_text":"","src":"https:\/\/i0.wp.com\/soliref56.fr\/blog\/wp-content\/uploads\/2016\/12\/mot.jpg?fit=1200%2C900&resize=350%2C200","width":350,"height":200},"classes":[]},{"id":555,"url":"http:\/\/soliref56.fr\/blog\/index.php\/2017\/03\/03\/samedi-4-mars-collecte-en-faveur-des-refugies-a-ploermel-devant-la-salle-des-carmes-de-10h-a-13h\/","url_meta":{"origin":530,"position":5},"title":"Samedi 4 mars collecte en faveur des r\u00e9fugi\u00e9s \u00e0 Plo\u00ebrmel devant la salle des Carmes de 10h \u00e0 13h","date":"3 mars 2017","format":false,"excerpt":"Des r\u00e9fugi\u00e9s attendent devant les grilles du Centre Humanitaire porte de la Chapelle \u00e0 Paris dans le froid. Ils attendent dans la file depuis plusieurs jours, voir des semaines. Des mineurs isol\u00e9s \u00e9trangers sont de retour \u00e0 Calais. Rien n'a \u00e9t\u00e9 fait par la ville pour leur venir en aide.\u2026","rel":"","context":"Dans &quot;plo\u00ebrmel&quot;","img":{"alt_text":"","src":"https:\/\/i0.wp.com\/soliref56.fr\/blog\/wp-content\/uploads\/2017\/03\/IMG_20170225_134112.jpg?fit=1200%2C900&resize=350%2C200","width":350,"height":200},"classes":[]}],"_links":{"self":[{"href":"http:\/\/soliref56.fr\/blog\/index.php\/wp-json\/wp\/v2\/posts\/530"}],"collection":[{"href":"http:\/\/soliref56.fr\/blog\/index.php\/wp-json\/wp\/v2\/posts"}],"about":[{"href":"http:\/\/soliref56.fr\/blog\/index.php\/wp-json\/wp\/v2\/types\/post"}],"author":[{"embeddable":true,"href":"http:\/\/soliref56.fr\/blog\/index.php\/wp-json\/wp\/v2\/users\/2"}],"replies":[{"embeddable":true,"href":"http:\/\/soliref56.fr\/blog\/index.php\/wp-json\/wp\/v2\/comments?post=530"}],"version-history":[{"count":5,"href":"http:\/\/soliref56.fr\/blog\/index.php\/wp-json\/wp\/v2\/posts\/530\/revisions"}],"predecessor-version":[{"id":539,"href":"http:\/\/soliref56.fr\/blog\/index.php\/wp-json\/wp\/v2\/posts\/530\/revisions\/539"}],"wp:featuredmedia":[{"embeddable":true,"href":"http:\/\/soliref56.fr\/blog\/index.php\/wp-json\/wp\/v2\/media\/535"}],"wp:attachment":[{"href":"http:\/\/soliref56.fr\/blog\/index.php\/wp-json\/wp\/v2\/media?parent=530"}],"wp:term":[{"taxonomy":"category","embeddable":true,"href":"http:\/\/soliref56.fr\/blog\/index.php\/wp-json\/wp\/v2\/categories?post=530"},{"taxonomy":"post_tag","embeddable":true,"href":"http:\/\/soliref56.fr\/blog\/index.php\/wp-json\/wp\/v2\/tags?post=530"}],"curies":[{"name":"wp","href":"https:\/\/api.w.org\/{rel}","templated":true}]}}