{"id":5,"date":"2015-10-19T13:43:03","date_gmt":"2015-10-19T12:43:03","guid":{"rendered":"http:\/\/soliref56.fr\/blog\/?p=5"},"modified":"2015-10-21T07:55:25","modified_gmt":"2015-10-21T06:55:25","slug":"bonjour","status":"publish","type":"post","link":"http:\/\/soliref56.fr\/blog\/index.php\/2015\/10\/19\/bonjour\/","title":{"rendered":"Bonjour"},"content":{"rendered":"<p>&nbsp;<\/p>\n<p>Bonjour,<\/p>\n<p>je m&rsquo;appelle j\u00e9r\u00f4me et je lance aujourd&rsquo;hui cette <a href=\"http:\/\/www.soliref56.fr\">plateforme<\/a>.<\/p>\n<p>En septembre dernier suite \u00e0 l&rsquo;appel de Jean-Philippe Guedas nous nous\u00a0sommes\u00a0rendus ma femme et moi\u00a0\u00e0 Vannes pour manifester notre\u00a0soutien aux r\u00e9fugi\u00e9s.<\/p>\n<p><a href=\"https:\/\/i0.wp.com\/soliref56.fr\/blog\/wp-content\/uploads\/2015\/10\/rass5sep15.jpg\"><img data-attachment-id=\"6\" data-permalink=\"http:\/\/soliref56.fr\/blog\/index.php\/2015\/10\/19\/bonjour\/rass5sep15\/\" data-orig-file=\"https:\/\/i0.wp.com\/soliref56.fr\/blog\/wp-content\/uploads\/2015\/10\/rass5sep15.jpg?fit=1000%2C407\" data-orig-size=\"1000,407\" data-comments-opened=\"1\" data-image-meta=\"{&quot;aperture&quot;:&quot;0&quot;,&quot;credit&quot;:&quot;&quot;,&quot;camera&quot;:&quot;&quot;,&quot;caption&quot;:&quot;&quot;,&quot;created_timestamp&quot;:&quot;0&quot;,&quot;copyright&quot;:&quot;&quot;,&quot;focal_length&quot;:&quot;0&quot;,&quot;iso&quot;:&quot;0&quot;,&quot;shutter_speed&quot;:&quot;0&quot;,&quot;title&quot;:&quot;&quot;,&quot;orientation&quot;:&quot;0&quot;}\" data-image-title=\"rassemblement 5 sep 15\" data-image-description=\"\" data-image-caption=\"\" data-medium-file=\"https:\/\/i0.wp.com\/soliref56.fr\/blog\/wp-content\/uploads\/2015\/10\/rass5sep15.jpg?fit=300%2C122\" data-large-file=\"https:\/\/i0.wp.com\/soliref56.fr\/blog\/wp-content\/uploads\/2015\/10\/rass5sep15.jpg?fit=660%2C269\" decoding=\"async\" loading=\"lazy\" class=\"alignnone size-full wp-image-6\" src=\"https:\/\/i0.wp.com\/soliref56.fr\/blog\/wp-content\/uploads\/2015\/10\/rass5sep15.jpg?resize=660%2C269\" alt=\"rassemblement 5 sep 15\" width=\"660\" height=\"269\" srcset=\"https:\/\/i0.wp.com\/soliref56.fr\/blog\/wp-content\/uploads\/2015\/10\/rass5sep15.jpg?w=1000 1000w, https:\/\/i0.wp.com\/soliref56.fr\/blog\/wp-content\/uploads\/2015\/10\/rass5sep15.jpg?resize=300%2C122 300w\" sizes=\"(max-width: 660px) 100vw, 660px\" data-recalc-dims=\"1\" \/><\/a><\/p>\n<p>La semaine suivante nous nous sommes rendus \u00e0 un autre rassemblement \u00e0 l&rsquo;invitation d&rsquo;Ewa Ciclaire.<\/p>\n<p>Ce fut l&rsquo;occasion de nouer des contacts mais il est difficile de suivre les initiatives qui rassemblent tant d&rsquo;associations et de citoyens.<\/p>\n<p>Chacun fait avec ses moyens\u00a0en utilisant les emails ou les r\u00e9seaux sociaux.<\/p>\n<p>C&rsquo;est dans le but de trouver un lieu d&rsquo;\u00e9change plus centralis\u00e9 que\u00a0j&rsquo;ai propos\u00e9 de mettre en place la plateforme SoliRef56 (Solidarit\u00e9 R\u00e9fugi\u00e9s Morbihan).<\/p>\n<p>Je ne veux \u00e9videmment rien imposer \u00e0 personne, mais lors d&rsquo;une r\u00e9cente r\u00e9union\u00a0une grande partie des personnes pr\u00e9sentes ont sembl\u00e9 trouver l&rsquo;id\u00e9e tr\u00e8s int\u00e9ressante. On fait donc l&rsquo;essai en\u00a0toute modestie en esp\u00e9rant que cela servira \u00e0 quelque chose.<\/p>\n<p>Cette derni\u00e8re r\u00e9union faisait suite \u00e0 une collecte sur Vannes en\u00a0faveur des r\u00e9fugi\u00e9s dans les balkans et organis\u00e9e par Ewa Ciclaire et son mari. Les dons ont \u00e9t\u00e9 nombreux, si tout va bien ils partiront en fin de semaine acheminer le\u00a0tout \u00e0 la fronti\u00e8re serbo-croate.<\/p>\n<p>Ce\u00a0blog a vocation \u00e0 relater ce genre d&rsquo;initiatives et tout autre actualit\u00e9 en rapport avec l&rsquo;aide aux r\u00e9fugi\u00e9s.<\/p>\n","protected":false},"excerpt":{"rendered":"<p>&nbsp; Bonjour, je m&rsquo;appelle j\u00e9r\u00f4me et je lance aujourd&rsquo;hui cette plateforme. En septembre dernier suite \u00e0 l&rsquo;appel de Jean-Philippe Guedas nous nous\u00a0sommes\u00a0rendus ma femme et moi\u00a0\u00e0 Vannes pour manifester notre\u00a0soutien aux r\u00e9fugi\u00e9s. La semaine suivante nous nous sommes rendus \u00e0 un autre rassemblement \u00e0 l&rsquo;invitation d&rsquo;Ewa Ciclaire. Ce fut l&rsquo;occasion de nouer des contacts mais &hellip; <a href=\"http:\/\/soliref56.fr\/blog\/index.php\/2015\/10\/19\/bonjour\/\" class=\"more-link\">Continuer la lecture de <span class=\"screen-reader-text\">Bonjour<\/span><\/a><\/p>\n","protected":false},"author":1,"featured_media":0,"comment_status":"open","ping_status":"open","sticky":false,"template":"","format":"standard","meta":{"jetpack_post_was_ever_published":false,"jetpack_publicize_message":"","jetpack_is_tweetstorm":false,"jetpack_publicize_feature_enabled":true,"jetpack_social_post_already_shared":false,"jetpack_social_options":{"image_generator_settings":{"template":"highway","enabled":false}}},"categories":[1],"tags":[],"jetpack_publicize_connections":[],"jetpack_featured_media_url":"","jetpack_sharing_enabled":true,"jetpack_shortlink":"https:\/\/wp.me\/s6Sans-bonjour","jetpack-related-posts":[{"id":113,"url":"http:\/\/soliref56.fr\/blog\/index.php\/2015\/11\/01\/carnet-de-bord-soliref56-1er-novembre-2015\/","url_meta":{"origin":5,"position":0},"title":"Carnet de bord SoliRef56: 1er novembre 2015","date":"1 novembre 2015","format":false,"excerpt":"SoliRef56 est tout jeune, encore peu de contenu mais les outils sont en place. Cette semaine j'ai principalement rempli\u00a0le blog avec les nouvelles du\u00a0voyage d'Ewa dans les Balkans. Les derni\u00e8res infos en vrac: nous disposons d'une page facebook et d'un compte twitter, pour ceux qui utilisent ces r\u00e9seaux sociaux c'est\u2026","rel":"","context":"Dans &quot;quoi de neuf&quot;","img":{"alt_text":"","src":"https:\/\/i0.wp.com\/soliref56.fr\/blog\/wp-content\/uploads\/2015\/11\/carnetdebord.jpg?fit=800%2C317&resize=350%2C200","width":350,"height":200},"classes":[]},{"id":448,"url":"http:\/\/soliref56.fr\/blog\/index.php\/2016\/07\/07\/parler-de-la-situation-des-refugies-ce-vendredi-a-vannes\/","url_meta":{"origin":5,"position":1},"title":"Parler de la situation des r\u00e9fugies, ce vendredi \u00e0 Vannes","date":"7 juillet 2016","format":false,"excerpt":"Communiqu\u00e9 du Collectif Secours aux r\u00e9fugi\u00e9s en Gr\u00e8ce Si vous souhaitez nous rejoindre, nous organisons une rencontre ce vendredi 8 juillet \u00e0 18h30 \u00e0 la Maison des associations \u00e0 Vannes. Au programme : t\u00e9moignages de nos b\u00e9n\u00e9voles, aussi de notre ami Yamen qui avec toute sa famille est toujours dans\u2026","rel":"","context":"Dans &quot;Non class\u00e9&quot;","img":{"alt_text":"","src":"https:\/\/i0.wp.com\/soliref56.fr\/blog\/wp-content\/uploads\/2016\/07\/JUILLET-300x213.jpg?resize=350%2C200","width":350,"height":200},"classes":[]},{"id":217,"url":"http:\/\/soliref56.fr\/blog\/index.php\/2015\/12\/06\/association-solidarite-refugies-centre-bretagne-est-creee\/","url_meta":{"origin":5,"position":2},"title":"Association : Solidarit\u00e9 r\u00e9fugi\u00e9s Centre-Bretagne, est cr\u00e9\u00e9e","date":"6 d\u00e9cembre 2015","format":false,"excerpt":"Photo : sculpture par Nizar Ali Badr, artiste syrien Apr\u00e8s une dizaine de collectes r\u00e9alis\u00e9es en deux mois, un d\u00e9placement, en octobre dans le camp des r\u00e9fugi\u00e9s situ\u00e9 \u00e0 la fronti\u00e8re serbo-croate, \u00ab nous nous sommes rendus compte que nos actions ont raison d\u2019\u00eatre et apportent un v\u00e9ritable aide aupr\u00e8s\u2026","rel":"","context":"Dans &quot;Non class\u00e9&quot;","img":{"alt_text":"Nizar Ali Bardh","src":"https:\/\/i0.wp.com\/soliref56.fr\/blog\/wp-content\/uploads\/2015\/12\/Nizar-Ali-Bardh-300x225.jpg?resize=350%2C200","width":350,"height":200},"classes":[]},{"id":478,"url":"http:\/\/soliref56.fr\/blog\/index.php\/2016\/09\/20\/les-refugies-de-la-jungle-de-calais-et-de-paris-bientot-disperses\/","url_meta":{"origin":5,"position":3},"title":"Les r\u00e9fugi\u00e9s de la jungle de Calais et de Paris bient\u00f4t dispers\u00e9s ?","date":"20 septembre 2016","format":false,"excerpt":"Je relaye ci dessous un appel trouv\u00e9 sur la page Facebook d'Utopia56. Nous sommes nombreux \u00e0 avoir d\u00e9pos\u00e9 des candidatures d'accueil en pr\u00e9fecture mais rien ne bougeait. Cela va peut-\u00eatre enfin changer. Les r\u00e9fugi\u00e9s de la jungle de Calais et de Paris bient\u00f4t dispers\u00e9s ? Utopia 56 et L'Auberge des\u2026","rel":"","context":"Dans &quot;calais&quot;","img":{"alt_text":"","src":"","width":0,"height":0},"classes":[]},{"id":352,"url":"http:\/\/soliref56.fr\/blog\/index.php\/2016\/03\/04\/balkans-merci-pour-lengagement-de-chacun-de-vous\/","url_meta":{"origin":5,"position":4},"title":"Balkans : merci pour l&rsquo;engagement de chacun de vous","date":"4 mars 2016","format":false,"excerpt":"\u00a0 Chers tous, pour la seconde fois vos dons ont \u00e9t\u00e9 achemin\u00e9s dans les Balkans pour aider les r\u00e9fugi\u00e9s. Merci infiniment pour votre aide. Elle \u00e9tait morale, mat\u00e9rielle et financi\u00e8re. L'aide morale, c'\u00e9tait vos messages via Internet et en temps r\u00e9el. Alors merci \u00e0 tous. L'aide mat\u00e9rielle, c'\u00e9tait les collectes.\u2026","rel":"","context":"Dans &quot;Non class\u00e9&quot;","img":{"alt_text":"","src":"https:\/\/i0.wp.com\/soliref56.fr\/blog\/wp-content\/uploads\/2016\/03\/Balkans-1-300x225.jpg?resize=350%2C200","width":350,"height":200},"classes":[]},{"id":25,"url":"http:\/\/soliref56.fr\/blog\/index.php\/2015\/10\/26\/voyage-pour-les-balkans-points-au-24-et-25-octobre-2015-collecte\/","url_meta":{"origin":5,"position":5},"title":"Voyage pour les balkans: points au 24 et 25 octobre 2015 #collecte","date":"26 octobre 2015","format":false,"excerpt":"Des nouvelles des b\u00e9n\u00e9voles partis\u00a0pour acheminer les dons collect\u00e9s \u00e0 Vannes et \u00e0 Plo\u00ebrmel, aux r\u00e9fugi\u00e9s dans les Balkans. 24 octobre Nous avons charg\u00e9 le camion vendredi soir pour partir t\u00f4t matin, samedi 24 octobre. Les associations nous ont demand\u00e9 au dernier moment d'apporter aussi du lait pr\u00eat \u00e0 l'emploi\u2026","rel":"","context":"Dans &quot;balkans&quot;","img":{"alt_text":"","src":"https:\/\/i0.wp.com\/soliref56.fr\/blog\/wp-content\/uploads\/2015\/10\/12188953_699673743467325_6032381023246392431_n.jpg?resize=350%2C200","width":350,"height":200},"classes":[]}],"_links":{"self":[{"href":"http:\/\/soliref56.fr\/blog\/index.php\/wp-json\/wp\/v2\/posts\/5"}],"collection":[{"href":"http:\/\/soliref56.fr\/blog\/index.php\/wp-json\/wp\/v2\/posts"}],"about":[{"href":"http:\/\/soliref56.fr\/blog\/index.php\/wp-json\/wp\/v2\/types\/post"}],"author":[{"embeddable":true,"href":"http:\/\/soliref56.fr\/blog\/index.php\/wp-json\/wp\/v2\/users\/1"}],"replies":[{"embeddable":true,"href":"http:\/\/soliref56.fr\/blog\/index.php\/wp-json\/wp\/v2\/comments?post=5"}],"version-history":[{"count":4,"href":"http:\/\/soliref56.fr\/blog\/index.php\/wp-json\/wp\/v2\/posts\/5\/revisions"}],"predecessor-version":[{"id":11,"href":"http:\/\/soliref56.fr\/blog\/index.php\/wp-json\/wp\/v2\/posts\/5\/revisions\/11"}],"wp:attachment":[{"href":"http:\/\/soliref56.fr\/blog\/index.php\/wp-json\/wp\/v2\/media?parent=5"}],"wp:term":[{"taxonomy":"category","embeddable":true,"href":"http:\/\/soliref56.fr\/blog\/index.php\/wp-json\/wp\/v2\/categories?post=5"},{"taxonomy":"post_tag","embeddable":true,"href":"http:\/\/soliref56.fr\/blog\/index.php\/wp-json\/wp\/v2\/tags?post=5"}],"curies":[{"name":"wp","href":"https:\/\/api.w.org\/{rel}","templated":true}]}}