{"id":36,"date":"2015-10-27T08:36:29","date_gmt":"2015-10-27T07:36:29","guid":{"rendered":"http:\/\/soliref56.fr\/blog\/?p=36"},"modified":"2015-11-01T00:18:18","modified_gmt":"2015-10-31T23:18:18","slug":"collecte-balkans-les-colis-ont-ete-livres","status":"publish","type":"post","link":"http:\/\/soliref56.fr\/blog\/index.php\/2015\/10\/27\/collecte-balkans-les-colis-ont-ete-livres\/","title":{"rendered":"Collecte Balkans: les colis ont \u00e9t\u00e9 livr\u00e9s"},"content":{"rendered":"<p>&nbsp;<\/p>\n<p>Par Ewa<\/p>\n<blockquote><p>26 octobre<\/p>\n<p>On a l&rsquo;impression d&rsquo;avoir v\u00e9cu trois jours dans cette journ\u00e9e. Nous avons eu le droit de rentrer avec le camion dans le camp, Vladimir nous a guid\u00e9. Les volontaires de la Croix Rouge ont vid\u00e9 le camion tr\u00e8s vite, d&rsquo;ailleurs les affaires ont \u00e9t\u00e9 distribu\u00e9es d\u00e9j\u00e0 le soir m\u00eame, tellement le besoin est \u00e9norme.<\/p>\n<p>Le camp est au milieu des champs, install\u00e9 voici un mois sur une plateforme de stockage de p\u00e9trole ( ? ). Il est grillag\u00e9 tout autour.<\/p>\n<p>Il y a de l&rsquo;irr\u00e9el dans son installation et son fonctionnement.<\/p>\n<p>Les r\u00e9fugies arrivent par centaines et repartent aussi tr\u00e8s nombreux, un va et vient des bus m\u00eame la nuit. La gare de Tovarnic n&rsquo;est pas loin.<\/p><\/blockquote>\n<p><a href=\"https:\/\/i0.wp.com\/soliref56.fr\/blog\/wp-content\/uploads\/2015\/10\/1506611_700106960090670_6041046214701367350_n.jpg\"><img data-attachment-id=\"37\" data-permalink=\"http:\/\/soliref56.fr\/blog\/index.php\/2015\/10\/27\/collecte-balkans-les-colis-ont-ete-livres\/1506611_700106960090670_6041046214701367350_n\/\" data-orig-file=\"https:\/\/i0.wp.com\/soliref56.fr\/blog\/wp-content\/uploads\/2015\/10\/1506611_700106960090670_6041046214701367350_n.jpg?fit=960%2C720\" data-orig-size=\"960,720\" data-comments-opened=\"1\" data-image-meta=\"{&quot;aperture&quot;:&quot;0&quot;,&quot;credit&quot;:&quot;&quot;,&quot;camera&quot;:&quot;&quot;,&quot;caption&quot;:&quot;&quot;,&quot;created_timestamp&quot;:&quot;0&quot;,&quot;copyright&quot;:&quot;&quot;,&quot;focal_length&quot;:&quot;0&quot;,&quot;iso&quot;:&quot;0&quot;,&quot;shutter_speed&quot;:&quot;0&quot;,&quot;title&quot;:&quot;&quot;,&quot;orientation&quot;:&quot;0&quot;}\" data-image-title=\"1506611_700106960090670_6041046214701367350_n\" data-image-description=\"\" data-image-caption=\"\" data-medium-file=\"https:\/\/i0.wp.com\/soliref56.fr\/blog\/wp-content\/uploads\/2015\/10\/1506611_700106960090670_6041046214701367350_n.jpg?fit=300%2C225\" data-large-file=\"https:\/\/i0.wp.com\/soliref56.fr\/blog\/wp-content\/uploads\/2015\/10\/1506611_700106960090670_6041046214701367350_n.jpg?fit=660%2C495\" decoding=\"async\" loading=\"lazy\" class=\"alignnone size-full wp-image-37\" src=\"https:\/\/i0.wp.com\/soliref56.fr\/blog\/wp-content\/uploads\/2015\/10\/1506611_700106960090670_6041046214701367350_n.jpg?resize=660%2C495\" alt=\"1506611_700106960090670_6041046214701367350_n\" width=\"660\" height=\"495\" srcset=\"https:\/\/i0.wp.com\/soliref56.fr\/blog\/wp-content\/uploads\/2015\/10\/1506611_700106960090670_6041046214701367350_n.jpg?w=960 960w, https:\/\/i0.wp.com\/soliref56.fr\/blog\/wp-content\/uploads\/2015\/10\/1506611_700106960090670_6041046214701367350_n.jpg?resize=300%2C225 300w\" sizes=\"(max-width: 660px) 100vw, 660px\" data-recalc-dims=\"1\" \/><\/a><\/p>\n<p><a href=\"https:\/\/i0.wp.com\/soliref56.fr\/blog\/wp-content\/uploads\/2015\/10\/11219615_700106880090678_4961715799797943181_n.jpg\"><img data-attachment-id=\"39\" data-permalink=\"http:\/\/soliref56.fr\/blog\/index.php\/2015\/10\/27\/collecte-balkans-les-colis-ont-ete-livres\/11219615_700106880090678_4961715799797943181_n\/\" data-orig-file=\"https:\/\/i0.wp.com\/soliref56.fr\/blog\/wp-content\/uploads\/2015\/10\/11219615_700106880090678_4961715799797943181_n.jpg?fit=960%2C720\" data-orig-size=\"960,720\" data-comments-opened=\"1\" data-image-meta=\"{&quot;aperture&quot;:&quot;0&quot;,&quot;credit&quot;:&quot;&quot;,&quot;camera&quot;:&quot;&quot;,&quot;caption&quot;:&quot;&quot;,&quot;created_timestamp&quot;:&quot;0&quot;,&quot;copyright&quot;:&quot;&quot;,&quot;focal_length&quot;:&quot;0&quot;,&quot;iso&quot;:&quot;0&quot;,&quot;shutter_speed&quot;:&quot;0&quot;,&quot;title&quot;:&quot;&quot;,&quot;orientation&quot;:&quot;0&quot;}\" data-image-title=\"11219615_700106880090678_4961715799797943181_n\" data-image-description=\"\" data-image-caption=\"\" data-medium-file=\"https:\/\/i0.wp.com\/soliref56.fr\/blog\/wp-content\/uploads\/2015\/10\/11219615_700106880090678_4961715799797943181_n.jpg?fit=300%2C225\" data-large-file=\"https:\/\/i0.wp.com\/soliref56.fr\/blog\/wp-content\/uploads\/2015\/10\/11219615_700106880090678_4961715799797943181_n.jpg?fit=660%2C495\" decoding=\"async\" loading=\"lazy\" class=\"alignnone size-full wp-image-39\" src=\"https:\/\/i0.wp.com\/soliref56.fr\/blog\/wp-content\/uploads\/2015\/10\/11219615_700106880090678_4961715799797943181_n.jpg?resize=660%2C495\" alt=\"11219615_700106880090678_4961715799797943181_n\" width=\"660\" height=\"495\" srcset=\"https:\/\/i0.wp.com\/soliref56.fr\/blog\/wp-content\/uploads\/2015\/10\/11219615_700106880090678_4961715799797943181_n.jpg?w=960 960w, https:\/\/i0.wp.com\/soliref56.fr\/blog\/wp-content\/uploads\/2015\/10\/11219615_700106880090678_4961715799797943181_n.jpg?resize=300%2C225 300w\" sizes=\"(max-width: 660px) 100vw, 660px\" data-recalc-dims=\"1\" \/><\/a><\/p>\n<p><a href=\"https:\/\/i0.wp.com\/soliref56.fr\/blog\/wp-content\/uploads\/2015\/10\/12043152_700106986757334_6832604822894317354_n.jpg\"><img data-attachment-id=\"40\" data-permalink=\"http:\/\/soliref56.fr\/blog\/index.php\/2015\/10\/27\/collecte-balkans-les-colis-ont-ete-livres\/12043152_700106986757334_6832604822894317354_n\/\" data-orig-file=\"https:\/\/i0.wp.com\/soliref56.fr\/blog\/wp-content\/uploads\/2015\/10\/12043152_700106986757334_6832604822894317354_n.jpg?fit=960%2C720\" data-orig-size=\"960,720\" data-comments-opened=\"1\" data-image-meta=\"{&quot;aperture&quot;:&quot;0&quot;,&quot;credit&quot;:&quot;&quot;,&quot;camera&quot;:&quot;&quot;,&quot;caption&quot;:&quot;&quot;,&quot;created_timestamp&quot;:&quot;0&quot;,&quot;copyright&quot;:&quot;&quot;,&quot;focal_length&quot;:&quot;0&quot;,&quot;iso&quot;:&quot;0&quot;,&quot;shutter_speed&quot;:&quot;0&quot;,&quot;title&quot;:&quot;&quot;,&quot;orientation&quot;:&quot;0&quot;}\" data-image-title=\"12043152_700106986757334_6832604822894317354_n\" data-image-description=\"\" data-image-caption=\"\" data-medium-file=\"https:\/\/i0.wp.com\/soliref56.fr\/blog\/wp-content\/uploads\/2015\/10\/12043152_700106986757334_6832604822894317354_n.jpg?fit=300%2C225\" data-large-file=\"https:\/\/i0.wp.com\/soliref56.fr\/blog\/wp-content\/uploads\/2015\/10\/12043152_700106986757334_6832604822894317354_n.jpg?fit=660%2C495\" decoding=\"async\" loading=\"lazy\" class=\"alignnone size-full wp-image-40\" src=\"https:\/\/i0.wp.com\/soliref56.fr\/blog\/wp-content\/uploads\/2015\/10\/12043152_700106986757334_6832604822894317354_n.jpg?resize=660%2C495\" alt=\"12043152_700106986757334_6832604822894317354_n\" width=\"660\" height=\"495\" srcset=\"https:\/\/i0.wp.com\/soliref56.fr\/blog\/wp-content\/uploads\/2015\/10\/12043152_700106986757334_6832604822894317354_n.jpg?w=960 960w, https:\/\/i0.wp.com\/soliref56.fr\/blog\/wp-content\/uploads\/2015\/10\/12043152_700106986757334_6832604822894317354_n.jpg?resize=300%2C225 300w\" sizes=\"(max-width: 660px) 100vw, 660px\" data-recalc-dims=\"1\" \/><\/a><\/p>\n<p><a href=\"https:\/\/i0.wp.com\/soliref56.fr\/blog\/wp-content\/uploads\/2015\/10\/12049223_700106923424007_7810028622948121360_n.jpg\"><img data-attachment-id=\"41\" data-permalink=\"http:\/\/soliref56.fr\/blog\/index.php\/2015\/10\/27\/collecte-balkans-les-colis-ont-ete-livres\/12049223_700106923424007_7810028622948121360_n\/\" data-orig-file=\"https:\/\/i0.wp.com\/soliref56.fr\/blog\/wp-content\/uploads\/2015\/10\/12049223_700106923424007_7810028622948121360_n.jpg?fit=960%2C720\" data-orig-size=\"960,720\" data-comments-opened=\"1\" data-image-meta=\"{&quot;aperture&quot;:&quot;0&quot;,&quot;credit&quot;:&quot;&quot;,&quot;camera&quot;:&quot;&quot;,&quot;caption&quot;:&quot;&quot;,&quot;created_timestamp&quot;:&quot;0&quot;,&quot;copyright&quot;:&quot;&quot;,&quot;focal_length&quot;:&quot;0&quot;,&quot;iso&quot;:&quot;0&quot;,&quot;shutter_speed&quot;:&quot;0&quot;,&quot;title&quot;:&quot;&quot;,&quot;orientation&quot;:&quot;0&quot;}\" data-image-title=\"12049223_700106923424007_7810028622948121360_n\" data-image-description=\"\" data-image-caption=\"\" data-medium-file=\"https:\/\/i0.wp.com\/soliref56.fr\/blog\/wp-content\/uploads\/2015\/10\/12049223_700106923424007_7810028622948121360_n.jpg?fit=300%2C225\" data-large-file=\"https:\/\/i0.wp.com\/soliref56.fr\/blog\/wp-content\/uploads\/2015\/10\/12049223_700106923424007_7810028622948121360_n.jpg?fit=660%2C495\" decoding=\"async\" loading=\"lazy\" class=\"alignnone size-full wp-image-41\" src=\"https:\/\/i0.wp.com\/soliref56.fr\/blog\/wp-content\/uploads\/2015\/10\/12049223_700106923424007_7810028622948121360_n.jpg?resize=660%2C495\" alt=\"12049223_700106923424007_7810028622948121360_n\" width=\"660\" height=\"495\" srcset=\"https:\/\/i0.wp.com\/soliref56.fr\/blog\/wp-content\/uploads\/2015\/10\/12049223_700106923424007_7810028622948121360_n.jpg?w=960 960w, https:\/\/i0.wp.com\/soliref56.fr\/blog\/wp-content\/uploads\/2015\/10\/12049223_700106923424007_7810028622948121360_n.jpg?resize=300%2C225 300w\" sizes=\"(max-width: 660px) 100vw, 660px\" data-recalc-dims=\"1\" \/><\/a><\/p>\n<p><a href=\"https:\/\/i0.wp.com\/soliref56.fr\/blog\/wp-content\/uploads\/2015\/10\/12105944_700106873424012_7129626891058842423_n.jpg\"><img data-attachment-id=\"42\" data-permalink=\"http:\/\/soliref56.fr\/blog\/index.php\/2015\/10\/27\/collecte-balkans-les-colis-ont-ete-livres\/12105944_700106873424012_7129626891058842423_n\/\" data-orig-file=\"https:\/\/i0.wp.com\/soliref56.fr\/blog\/wp-content\/uploads\/2015\/10\/12105944_700106873424012_7129626891058842423_n.jpg?fit=960%2C720\" data-orig-size=\"960,720\" data-comments-opened=\"1\" data-image-meta=\"{&quot;aperture&quot;:&quot;0&quot;,&quot;credit&quot;:&quot;&quot;,&quot;camera&quot;:&quot;&quot;,&quot;caption&quot;:&quot;&quot;,&quot;created_timestamp&quot;:&quot;0&quot;,&quot;copyright&quot;:&quot;&quot;,&quot;focal_length&quot;:&quot;0&quot;,&quot;iso&quot;:&quot;0&quot;,&quot;shutter_speed&quot;:&quot;0&quot;,&quot;title&quot;:&quot;&quot;,&quot;orientation&quot;:&quot;0&quot;}\" data-image-title=\"12105944_700106873424012_7129626891058842423_n\" data-image-description=\"\" data-image-caption=\"\" data-medium-file=\"https:\/\/i0.wp.com\/soliref56.fr\/blog\/wp-content\/uploads\/2015\/10\/12105944_700106873424012_7129626891058842423_n.jpg?fit=300%2C225\" data-large-file=\"https:\/\/i0.wp.com\/soliref56.fr\/blog\/wp-content\/uploads\/2015\/10\/12105944_700106873424012_7129626891058842423_n.jpg?fit=660%2C495\" decoding=\"async\" loading=\"lazy\" class=\"alignnone size-full wp-image-42\" src=\"https:\/\/i0.wp.com\/soliref56.fr\/blog\/wp-content\/uploads\/2015\/10\/12105944_700106873424012_7129626891058842423_n.jpg?resize=660%2C495\" alt=\"12105944_700106873424012_7129626891058842423_n\" width=\"660\" height=\"495\" srcset=\"https:\/\/i0.wp.com\/soliref56.fr\/blog\/wp-content\/uploads\/2015\/10\/12105944_700106873424012_7129626891058842423_n.jpg?w=960 960w, https:\/\/i0.wp.com\/soliref56.fr\/blog\/wp-content\/uploads\/2015\/10\/12105944_700106873424012_7129626891058842423_n.jpg?resize=300%2C225 300w\" sizes=\"(max-width: 660px) 100vw, 660px\" data-recalc-dims=\"1\" \/><\/a><\/p>\n<p><a href=\"https:\/\/i0.wp.com\/soliref56.fr\/blog\/wp-content\/uploads\/2015\/10\/12122889_700107030090663_8867469685851811160_n.jpg\"><img data-attachment-id=\"43\" data-permalink=\"http:\/\/soliref56.fr\/blog\/index.php\/2015\/10\/27\/collecte-balkans-les-colis-ont-ete-livres\/12122889_700107030090663_8867469685851811160_n\/\" data-orig-file=\"https:\/\/i0.wp.com\/soliref56.fr\/blog\/wp-content\/uploads\/2015\/10\/12122889_700107030090663_8867469685851811160_n.jpg?fit=960%2C720\" data-orig-size=\"960,720\" data-comments-opened=\"1\" data-image-meta=\"{&quot;aperture&quot;:&quot;0&quot;,&quot;credit&quot;:&quot;&quot;,&quot;camera&quot;:&quot;&quot;,&quot;caption&quot;:&quot;&quot;,&quot;created_timestamp&quot;:&quot;0&quot;,&quot;copyright&quot;:&quot;&quot;,&quot;focal_length&quot;:&quot;0&quot;,&quot;iso&quot;:&quot;0&quot;,&quot;shutter_speed&quot;:&quot;0&quot;,&quot;title&quot;:&quot;&quot;,&quot;orientation&quot;:&quot;0&quot;}\" data-image-title=\"12122889_700107030090663_8867469685851811160_n\" data-image-description=\"\" data-image-caption=\"\" data-medium-file=\"https:\/\/i0.wp.com\/soliref56.fr\/blog\/wp-content\/uploads\/2015\/10\/12122889_700107030090663_8867469685851811160_n.jpg?fit=300%2C225\" data-large-file=\"https:\/\/i0.wp.com\/soliref56.fr\/blog\/wp-content\/uploads\/2015\/10\/12122889_700107030090663_8867469685851811160_n.jpg?fit=660%2C495\" decoding=\"async\" loading=\"lazy\" class=\"alignnone size-full wp-image-43\" src=\"https:\/\/i0.wp.com\/soliref56.fr\/blog\/wp-content\/uploads\/2015\/10\/12122889_700107030090663_8867469685851811160_n.jpg?resize=660%2C495\" alt=\"12122889_700107030090663_8867469685851811160_n\" width=\"660\" height=\"495\" srcset=\"https:\/\/i0.wp.com\/soliref56.fr\/blog\/wp-content\/uploads\/2015\/10\/12122889_700107030090663_8867469685851811160_n.jpg?w=960 960w, https:\/\/i0.wp.com\/soliref56.fr\/blog\/wp-content\/uploads\/2015\/10\/12122889_700107030090663_8867469685851811160_n.jpg?resize=300%2C225 300w\" sizes=\"(max-width: 660px) 100vw, 660px\" data-recalc-dims=\"1\" \/><\/a><\/p>\n<p><a href=\"https:\/\/i0.wp.com\/soliref56.fr\/blog\/wp-content\/uploads\/2015\/10\/12122894_700106936757339_503268607303870750_n.jpg\"><img data-attachment-id=\"44\" data-permalink=\"http:\/\/soliref56.fr\/blog\/index.php\/2015\/10\/27\/collecte-balkans-les-colis-ont-ete-livres\/12122894_700106936757339_503268607303870750_n\/\" data-orig-file=\"https:\/\/i0.wp.com\/soliref56.fr\/blog\/wp-content\/uploads\/2015\/10\/12122894_700106936757339_503268607303870750_n.jpg?fit=960%2C720\" data-orig-size=\"960,720\" data-comments-opened=\"1\" data-image-meta=\"{&quot;aperture&quot;:&quot;0&quot;,&quot;credit&quot;:&quot;&quot;,&quot;camera&quot;:&quot;&quot;,&quot;caption&quot;:&quot;&quot;,&quot;created_timestamp&quot;:&quot;0&quot;,&quot;copyright&quot;:&quot;&quot;,&quot;focal_length&quot;:&quot;0&quot;,&quot;iso&quot;:&quot;0&quot;,&quot;shutter_speed&quot;:&quot;0&quot;,&quot;title&quot;:&quot;&quot;,&quot;orientation&quot;:&quot;0&quot;}\" data-image-title=\"12122894_700106936757339_503268607303870750_n\" data-image-description=\"\" data-image-caption=\"\" data-medium-file=\"https:\/\/i0.wp.com\/soliref56.fr\/blog\/wp-content\/uploads\/2015\/10\/12122894_700106936757339_503268607303870750_n.jpg?fit=300%2C225\" data-large-file=\"https:\/\/i0.wp.com\/soliref56.fr\/blog\/wp-content\/uploads\/2015\/10\/12122894_700106936757339_503268607303870750_n.jpg?fit=660%2C495\" decoding=\"async\" loading=\"lazy\" class=\"alignnone size-full wp-image-44\" src=\"https:\/\/i0.wp.com\/soliref56.fr\/blog\/wp-content\/uploads\/2015\/10\/12122894_700106936757339_503268607303870750_n.jpg?resize=660%2C495\" alt=\"12122894_700106936757339_503268607303870750_n\" width=\"660\" height=\"495\" srcset=\"https:\/\/i0.wp.com\/soliref56.fr\/blog\/wp-content\/uploads\/2015\/10\/12122894_700106936757339_503268607303870750_n.jpg?w=960 960w, https:\/\/i0.wp.com\/soliref56.fr\/blog\/wp-content\/uploads\/2015\/10\/12122894_700106936757339_503268607303870750_n.jpg?resize=300%2C225 300w\" sizes=\"(max-width: 660px) 100vw, 660px\" data-recalc-dims=\"1\" \/><\/a><\/p>\n<p><a href=\"https:\/\/i0.wp.com\/soliref56.fr\/blog\/wp-content\/uploads\/2015\/10\/12189934_700107016757331_603229398325298911_n.jpg\"><img data-attachment-id=\"46\" data-permalink=\"http:\/\/soliref56.fr\/blog\/index.php\/2015\/10\/27\/collecte-balkans-les-colis-ont-ete-livres\/12189934_700107016757331_603229398325298911_n\/\" data-orig-file=\"https:\/\/i0.wp.com\/soliref56.fr\/blog\/wp-content\/uploads\/2015\/10\/12189934_700107016757331_603229398325298911_n.jpg?fit=960%2C720\" data-orig-size=\"960,720\" data-comments-opened=\"1\" data-image-meta=\"{&quot;aperture&quot;:&quot;0&quot;,&quot;credit&quot;:&quot;&quot;,&quot;camera&quot;:&quot;&quot;,&quot;caption&quot;:&quot;&quot;,&quot;created_timestamp&quot;:&quot;0&quot;,&quot;copyright&quot;:&quot;&quot;,&quot;focal_length&quot;:&quot;0&quot;,&quot;iso&quot;:&quot;0&quot;,&quot;shutter_speed&quot;:&quot;0&quot;,&quot;title&quot;:&quot;&quot;,&quot;orientation&quot;:&quot;0&quot;}\" data-image-title=\"12189934_700107016757331_603229398325298911_n\" data-image-description=\"\" data-image-caption=\"\" data-medium-file=\"https:\/\/i0.wp.com\/soliref56.fr\/blog\/wp-content\/uploads\/2015\/10\/12189934_700107016757331_603229398325298911_n.jpg?fit=300%2C225\" data-large-file=\"https:\/\/i0.wp.com\/soliref56.fr\/blog\/wp-content\/uploads\/2015\/10\/12189934_700107016757331_603229398325298911_n.jpg?fit=660%2C495\" decoding=\"async\" loading=\"lazy\" class=\"alignnone size-full wp-image-46\" src=\"https:\/\/i0.wp.com\/soliref56.fr\/blog\/wp-content\/uploads\/2015\/10\/12189934_700107016757331_603229398325298911_n.jpg?resize=660%2C495\" alt=\"12189934_700107016757331_603229398325298911_n\" width=\"660\" height=\"495\" srcset=\"https:\/\/i0.wp.com\/soliref56.fr\/blog\/wp-content\/uploads\/2015\/10\/12189934_700107016757331_603229398325298911_n.jpg?w=960 960w, https:\/\/i0.wp.com\/soliref56.fr\/blog\/wp-content\/uploads\/2015\/10\/12189934_700107016757331_603229398325298911_n.jpg?resize=300%2C225 300w\" sizes=\"(max-width: 660px) 100vw, 660px\" data-recalc-dims=\"1\" \/><\/a><\/p>\n<p><a href=\"https:\/\/i0.wp.com\/soliref56.fr\/blog\/wp-content\/uploads\/2015\/10\/12193762_700107040090662_7383448582909594941_n.jpg\"><img data-attachment-id=\"47\" data-permalink=\"http:\/\/soliref56.fr\/blog\/index.php\/2015\/10\/27\/collecte-balkans-les-colis-ont-ete-livres\/12193762_700107040090662_7383448582909594941_n\/\" data-orig-file=\"https:\/\/i0.wp.com\/soliref56.fr\/blog\/wp-content\/uploads\/2015\/10\/12193762_700107040090662_7383448582909594941_n.jpg?fit=960%2C720\" data-orig-size=\"960,720\" data-comments-opened=\"1\" data-image-meta=\"{&quot;aperture&quot;:&quot;0&quot;,&quot;credit&quot;:&quot;&quot;,&quot;camera&quot;:&quot;&quot;,&quot;caption&quot;:&quot;&quot;,&quot;created_timestamp&quot;:&quot;0&quot;,&quot;copyright&quot;:&quot;&quot;,&quot;focal_length&quot;:&quot;0&quot;,&quot;iso&quot;:&quot;0&quot;,&quot;shutter_speed&quot;:&quot;0&quot;,&quot;title&quot;:&quot;&quot;,&quot;orientation&quot;:&quot;0&quot;}\" data-image-title=\"12193762_700107040090662_7383448582909594941_n\" data-image-description=\"\" data-image-caption=\"\" data-medium-file=\"https:\/\/i0.wp.com\/soliref56.fr\/blog\/wp-content\/uploads\/2015\/10\/12193762_700107040090662_7383448582909594941_n.jpg?fit=300%2C225\" data-large-file=\"https:\/\/i0.wp.com\/soliref56.fr\/blog\/wp-content\/uploads\/2015\/10\/12193762_700107040090662_7383448582909594941_n.jpg?fit=660%2C495\" decoding=\"async\" loading=\"lazy\" class=\"alignnone size-full wp-image-47\" src=\"https:\/\/i0.wp.com\/soliref56.fr\/blog\/wp-content\/uploads\/2015\/10\/12193762_700107040090662_7383448582909594941_n.jpg?resize=660%2C495\" alt=\"12193762_700107040090662_7383448582909594941_n\" width=\"660\" height=\"495\" srcset=\"https:\/\/i0.wp.com\/soliref56.fr\/blog\/wp-content\/uploads\/2015\/10\/12193762_700107040090662_7383448582909594941_n.jpg?w=960 960w, https:\/\/i0.wp.com\/soliref56.fr\/blog\/wp-content\/uploads\/2015\/10\/12193762_700107040090662_7383448582909594941_n.jpg?resize=300%2C225 300w\" sizes=\"(max-width: 660px) 100vw, 660px\" data-recalc-dims=\"1\" \/><\/a><\/p>\n","protected":false},"excerpt":{"rendered":"<p>&nbsp; Par Ewa 26 octobre On a l&rsquo;impression d&rsquo;avoir v\u00e9cu trois jours dans cette journ\u00e9e. Nous avons eu le droit de rentrer avec le camion dans le camp, Vladimir nous a guid\u00e9. Les volontaires de la Croix Rouge ont vid\u00e9 le camion tr\u00e8s vite, d&rsquo;ailleurs les affaires ont \u00e9t\u00e9 distribu\u00e9es d\u00e9j\u00e0 le soir m\u00eame, tellement &hellip; <a href=\"http:\/\/soliref56.fr\/blog\/index.php\/2015\/10\/27\/collecte-balkans-les-colis-ont-ete-livres\/\" class=\"more-link\">Continuer la lecture de <span class=\"screen-reader-text\">Collecte Balkans: les colis ont \u00e9t\u00e9 livr\u00e9s<\/span><\/a><\/p>\n","protected":false},"author":2,"featured_media":38,"comment_status":"open","ping_status":"open","sticky":false,"template":"","format":"standard","meta":{"jetpack_post_was_ever_published":false,"jetpack_publicize_message":"","jetpack_is_tweetstorm":false,"jetpack_publicize_feature_enabled":true,"jetpack_social_post_already_shared":true,"jetpack_social_options":{"image_generator_settings":{"template":"highway","enabled":false}}},"categories":[4],"tags":[],"jetpack_publicize_connections":[],"jetpack_featured_media_url":"https:\/\/i0.wp.com\/soliref56.fr\/blog\/wp-content\/uploads\/2015\/10\/10174829_700106973424002_1118000938952165839_n.jpg?fit=960%2C720","jetpack_sharing_enabled":true,"jetpack_shortlink":"https:\/\/wp.me\/p6Sans-A","jetpack-related-posts":[{"id":352,"url":"http:\/\/soliref56.fr\/blog\/index.php\/2016\/03\/04\/balkans-merci-pour-lengagement-de-chacun-de-vous\/","url_meta":{"origin":36,"position":0},"title":"Balkans : merci pour l&rsquo;engagement de chacun de vous","date":"4 mars 2016","format":false,"excerpt":"\u00a0 Chers tous, pour la seconde fois vos dons ont \u00e9t\u00e9 achemin\u00e9s dans les Balkans pour aider les r\u00e9fugi\u00e9s. Merci infiniment pour votre aide. Elle \u00e9tait morale, mat\u00e9rielle et financi\u00e8re. L'aide morale, c'\u00e9tait vos messages via Internet et en temps r\u00e9el. Alors merci \u00e0 tous. L'aide mat\u00e9rielle, c'\u00e9tait les collectes.\u2026","rel":"","context":"Dans &quot;Non class\u00e9&quot;","img":{"alt_text":"","src":"https:\/\/i0.wp.com\/soliref56.fr\/blog\/wp-content\/uploads\/2016\/03\/Balkans-1-300x225.jpg?resize=350%2C200","width":350,"height":200},"classes":[]},{"id":25,"url":"http:\/\/soliref56.fr\/blog\/index.php\/2015\/10\/26\/voyage-pour-les-balkans-points-au-24-et-25-octobre-2015-collecte\/","url_meta":{"origin":36,"position":1},"title":"Voyage pour les balkans: points au 24 et 25 octobre 2015 #collecte","date":"26 octobre 2015","format":false,"excerpt":"Des nouvelles des b\u00e9n\u00e9voles partis\u00a0pour acheminer les dons collect\u00e9s \u00e0 Vannes et \u00e0 Plo\u00ebrmel, aux r\u00e9fugi\u00e9s dans les Balkans. 24 octobre Nous avons charg\u00e9 le camion vendredi soir pour partir t\u00f4t matin, samedi 24 octobre. Les associations nous ont demand\u00e9 au dernier moment d'apporter aussi du lait pr\u00eat \u00e0 l'emploi\u2026","rel":"","context":"Dans &quot;balkans&quot;","img":{"alt_text":"","src":"https:\/\/i0.wp.com\/soliref56.fr\/blog\/wp-content\/uploads\/2015\/10\/12188953_699673743467325_6032381023246392431_n.jpg?resize=350%2C200","width":350,"height":200},"classes":[]},{"id":448,"url":"http:\/\/soliref56.fr\/blog\/index.php\/2016\/07\/07\/parler-de-la-situation-des-refugies-ce-vendredi-a-vannes\/","url_meta":{"origin":36,"position":2},"title":"Parler de la situation des r\u00e9fugies, ce vendredi \u00e0 Vannes","date":"7 juillet 2016","format":false,"excerpt":"Communiqu\u00e9 du Collectif Secours aux r\u00e9fugi\u00e9s en Gr\u00e8ce Si vous souhaitez nous rejoindre, nous organisons une rencontre ce vendredi 8 juillet \u00e0 18h30 \u00e0 la Maison des associations \u00e0 Vannes. Au programme : t\u00e9moignages de nos b\u00e9n\u00e9voles, aussi de notre ami Yamen qui avec toute sa famille est toujours dans\u2026","rel":"","context":"Dans &quot;Non class\u00e9&quot;","img":{"alt_text":"","src":"https:\/\/i0.wp.com\/soliref56.fr\/blog\/wp-content\/uploads\/2016\/07\/JUILLET-300x213.jpg?resize=350%2C200","width":350,"height":200},"classes":[]},{"id":339,"url":"http:\/\/soliref56.fr\/blog\/index.php\/2016\/02\/29\/temoignage-et-appel-a-mobilisation-camp-deidomeni-dans-les-balkans\/","url_meta":{"origin":36,"position":3},"title":"T\u00e9moignage et appel \u00e0 mobilisation: camp d&rsquo;Eidomeni dans les Balkans","date":"29 f\u00e9vrier 2016","format":false,"excerpt":"Ci dessous un t\u00e9moignage de d'Yves qui revient d'Eidomeni: Bonsoir, je suis rentr\u00e9 d'Eidomeni, camp de r\u00e9fugi\u00e9s et de transit entre la Gr\u00e8ce et la Mac\u00e9doine. Tout s'est plut\u00f4t bien pass\u00e9 pendant le trajet, mais, les contr\u00f4les aux douanes se sont nettement durcis depuis mon premier voyage en Octobre. Lorsque\u2026","rel":"","context":"Dans &quot;balkans&quot;","img":{"alt_text":"","src":"https:\/\/i0.wp.com\/soliref56.fr\/blog\/wp-content\/uploads\/2016\/02\/12671656_227862537561186_3773147380557476340_ob.jpg?fit=1200%2C444&resize=350%2C200","width":350,"height":200},"classes":[]},{"id":217,"url":"http:\/\/soliref56.fr\/blog\/index.php\/2015\/12\/06\/association-solidarite-refugies-centre-bretagne-est-creee\/","url_meta":{"origin":36,"position":4},"title":"Association : Solidarit\u00e9 r\u00e9fugi\u00e9s Centre-Bretagne, est cr\u00e9\u00e9e","date":"6 d\u00e9cembre 2015","format":false,"excerpt":"Photo : sculpture par Nizar Ali Badr, artiste syrien Apr\u00e8s une dizaine de collectes r\u00e9alis\u00e9es en deux mois, un d\u00e9placement, en octobre dans le camp des r\u00e9fugi\u00e9s situ\u00e9 \u00e0 la fronti\u00e8re serbo-croate, \u00ab nous nous sommes rendus compte que nos actions ont raison d\u2019\u00eatre et apportent un v\u00e9ritable aide aupr\u00e8s\u2026","rel":"","context":"Dans &quot;Non class\u00e9&quot;","img":{"alt_text":"Nizar Ali Bardh","src":"https:\/\/i0.wp.com\/soliref56.fr\/blog\/wp-content\/uploads\/2015\/12\/Nizar-Ali-Bardh-300x225.jpg?resize=350%2C200","width":350,"height":200},"classes":[]},{"id":5,"url":"http:\/\/soliref56.fr\/blog\/index.php\/2015\/10\/19\/bonjour\/","url_meta":{"origin":36,"position":5},"title":"Bonjour","date":"19 octobre 2015","format":false,"excerpt":"\u00a0 Bonjour, je m'appelle j\u00e9r\u00f4me et je lance aujourd'hui cette plateforme. En septembre dernier suite \u00e0 l'appel de Jean-Philippe Guedas nous nous\u00a0sommes\u00a0rendus ma femme et moi\u00a0\u00e0 Vannes pour manifester notre\u00a0soutien aux r\u00e9fugi\u00e9s. La semaine suivante nous nous sommes rendus \u00e0 un autre rassemblement \u00e0 l'invitation d'Ewa Ciclaire. Ce fut l'occasion\u2026","rel":"","context":"Dans &quot;Non class\u00e9&quot;","img":{"alt_text":"","src":"https:\/\/i0.wp.com\/soliref56.fr\/blog\/wp-content\/uploads\/2015\/10\/rass5sep15.jpg?resize=350%2C200","width":350,"height":200},"classes":[]}],"_links":{"self":[{"href":"http:\/\/soliref56.fr\/blog\/index.php\/wp-json\/wp\/v2\/posts\/36"}],"collection":[{"href":"http:\/\/soliref56.fr\/blog\/index.php\/wp-json\/wp\/v2\/posts"}],"about":[{"href":"http:\/\/soliref56.fr\/blog\/index.php\/wp-json\/wp\/v2\/types\/post"}],"author":[{"embeddable":true,"href":"http:\/\/soliref56.fr\/blog\/index.php\/wp-json\/wp\/v2\/users\/2"}],"replies":[{"embeddable":true,"href":"http:\/\/soliref56.fr\/blog\/index.php\/wp-json\/wp\/v2\/comments?post=36"}],"version-history":[{"count":7,"href":"http:\/\/soliref56.fr\/blog\/index.php\/wp-json\/wp\/v2\/posts\/36\/revisions"}],"predecessor-version":[{"id":108,"href":"http:\/\/soliref56.fr\/blog\/index.php\/wp-json\/wp\/v2\/posts\/36\/revisions\/108"}],"wp:featuredmedia":[{"embeddable":true,"href":"http:\/\/soliref56.fr\/blog\/index.php\/wp-json\/wp\/v2\/media\/38"}],"wp:attachment":[{"href":"http:\/\/soliref56.fr\/blog\/index.php\/wp-json\/wp\/v2\/media?parent=36"}],"wp:term":[{"taxonomy":"category","embeddable":true,"href":"http:\/\/soliref56.fr\/blog\/index.php\/wp-json\/wp\/v2\/categories?post=36"},{"taxonomy":"post_tag","embeddable":true,"href":"http:\/\/soliref56.fr\/blog\/index.php\/wp-json\/wp\/v2\/tags?post=36"}],"curies":[{"name":"wp","href":"https:\/\/api.w.org\/{rel}","templated":true}]}}