{"id":25,"date":"2015-10-26T20:57:54","date_gmt":"2015-10-26T19:57:54","guid":{"rendered":"http:\/\/soliref56.fr\/blog\/?p=25"},"modified":"2015-11-01T00:15:35","modified_gmt":"2015-10-31T23:15:35","slug":"voyage-pour-les-balkans-points-au-24-et-25-octobre-2015-collecte","status":"publish","type":"post","link":"http:\/\/soliref56.fr\/blog\/index.php\/2015\/10\/26\/voyage-pour-les-balkans-points-au-24-et-25-octobre-2015-collecte\/","title":{"rendered":"Voyage pour les balkans: points au 24 et 25 octobre 2015 #collecte"},"content":{"rendered":"<p>Des nouvelles des b\u00e9n\u00e9voles partis\u00a0pour acheminer les dons collect\u00e9s \u00e0 Vannes et \u00e0 Plo\u00ebrmel, aux r\u00e9fugi\u00e9s dans les Balkans.<\/p>\n<blockquote><p>24 octobre<\/p>\n<p>Nous avons charg\u00e9 le camion vendredi soir pour partir t\u00f4t matin, samedi 24 octobre. Les associations nous ont demand\u00e9 au dernier moment d&rsquo;apporter aussi du lait pr\u00eat \u00e0 l&#8217;emploi pour les b\u00e9b\u00e9s de 0 \u00e0 12 mois.<\/p>\n<p>La travers\u00e9e de la France s&rsquo;est pass\u00e9e tr\u00e8s bien, nous sommes arriv\u00e9s en Allemagne avec la vue sur le pont de l&rsquo;Europe \u00e0 Strasbourg.<\/p>\n<p>L&rsquo;apr\u00e8s-midi sur les routes super rapides de nos amis Allemands, direction Nuremberg. Un panneau \u00e9voquait Schiller, un autre Sophie Scholl&#8230;<\/p><\/blockquote>\n<p>&nbsp;<\/p>\n<blockquote><p>25 octobre<\/p>\n<p>Nous sommes descendus vers Munich, puis Graz. R\u00e9guli\u00e8rement la Police allemande et autrichienne bloquaient l&rsquo;autoroute pour le filtrage des voitures&#8230;<\/p>\n<p>Nous sommes pass\u00e9s en Slov\u00e9nie par Maribor et tr\u00e8s rapidement, apr\u00e8s Ptuj nous \u00e9tions \u00e0 la fronti\u00e8re croate avec la premi\u00e8re, depuis notre d\u00e9part de Bretagne, v\u00e9rification des passeports. Pour le contenu du camion, pas de probl\u00e8me, nous avions les courriers des associations qui nous attendaient \u00e0 Opatovac.<\/p>\n<p>En arri\u00e8re plan de la fronti\u00e8re, c\u00f4t\u00e9 Slov\u00e8ne, des grands hangars en toile militaire avec devant des files d&rsquo;attente des r\u00e9fugies. Les militaires autour.<\/p>\n<p>L&rsquo;arriv\u00e9 \u00e0 Zagreb, en soir\u00e9e. Demain matin d\u00e9part pour Opatovac, 3h de route. Ilona et Vlad nous y attendent. Le camp n&rsquo;a pas \u00e9t\u00e9 d\u00e9plac\u00e9. Il faut s&rsquo;enregistrer pour y rentrer, nous disent-ils.<\/p><\/blockquote>\n<p>&nbsp;<\/p>\n<p><a href=\"https:\/\/i0.wp.com\/soliref56.fr\/blog\/wp-content\/uploads\/2015\/10\/10329247_699673913467308_2407098737559815956_n.jpg\"><img data-attachment-id=\"26\" data-permalink=\"http:\/\/soliref56.fr\/blog\/index.php\/2015\/10\/26\/voyage-pour-les-balkans-points-au-24-et-25-octobre-2015-collecte\/10329247_699673913467308_2407098737559815956_n\/\" data-orig-file=\"https:\/\/i0.wp.com\/soliref56.fr\/blog\/wp-content\/uploads\/2015\/10\/10329247_699673913467308_2407098737559815956_n.jpg?fit=960%2C537\" data-orig-size=\"960,537\" data-comments-opened=\"1\" data-image-meta=\"{&quot;aperture&quot;:&quot;0&quot;,&quot;credit&quot;:&quot;&quot;,&quot;camera&quot;:&quot;&quot;,&quot;caption&quot;:&quot;&quot;,&quot;created_timestamp&quot;:&quot;0&quot;,&quot;copyright&quot;:&quot;&quot;,&quot;focal_length&quot;:&quot;0&quot;,&quot;iso&quot;:&quot;0&quot;,&quot;shutter_speed&quot;:&quot;0&quot;,&quot;title&quot;:&quot;&quot;,&quot;orientation&quot;:&quot;0&quot;}\" data-image-title=\"10329247_699673913467308_2407098737559815956_n\" data-image-description=\"\" data-image-caption=\"\" data-medium-file=\"https:\/\/i0.wp.com\/soliref56.fr\/blog\/wp-content\/uploads\/2015\/10\/10329247_699673913467308_2407098737559815956_n.jpg?fit=300%2C168\" data-large-file=\"https:\/\/i0.wp.com\/soliref56.fr\/blog\/wp-content\/uploads\/2015\/10\/10329247_699673913467308_2407098737559815956_n.jpg?fit=660%2C369\" decoding=\"async\" loading=\"lazy\" class=\"alignnone size-full wp-image-26\" src=\"https:\/\/i0.wp.com\/soliref56.fr\/blog\/wp-content\/uploads\/2015\/10\/10329247_699673913467308_2407098737559815956_n.jpg?resize=660%2C369\" alt=\"10329247_699673913467308_2407098737559815956_n\" width=\"660\" height=\"369\" srcset=\"https:\/\/i0.wp.com\/soliref56.fr\/blog\/wp-content\/uploads\/2015\/10\/10329247_699673913467308_2407098737559815956_n.jpg?w=960 960w, https:\/\/i0.wp.com\/soliref56.fr\/blog\/wp-content\/uploads\/2015\/10\/10329247_699673913467308_2407098737559815956_n.jpg?resize=300%2C168 300w\" sizes=\"(max-width: 660px) 100vw, 660px\" data-recalc-dims=\"1\" \/><\/a><\/p>\n<p><a href=\"https:\/\/i0.wp.com\/soliref56.fr\/blog\/wp-content\/uploads\/2015\/10\/10408828_699673736800659_1538908795084852909_n.jpg\"><img data-attachment-id=\"27\" data-permalink=\"http:\/\/soliref56.fr\/blog\/index.php\/2015\/10\/26\/voyage-pour-les-balkans-points-au-24-et-25-octobre-2015-collecte\/10408828_699673736800659_1538908795084852909_n\/\" data-orig-file=\"https:\/\/i0.wp.com\/soliref56.fr\/blog\/wp-content\/uploads\/2015\/10\/10408828_699673736800659_1538908795084852909_n.jpg?fit=960%2C720\" data-orig-size=\"960,720\" data-comments-opened=\"1\" data-image-meta=\"{&quot;aperture&quot;:&quot;0&quot;,&quot;credit&quot;:&quot;&quot;,&quot;camera&quot;:&quot;&quot;,&quot;caption&quot;:&quot;&quot;,&quot;created_timestamp&quot;:&quot;0&quot;,&quot;copyright&quot;:&quot;&quot;,&quot;focal_length&quot;:&quot;0&quot;,&quot;iso&quot;:&quot;0&quot;,&quot;shutter_speed&quot;:&quot;0&quot;,&quot;title&quot;:&quot;&quot;,&quot;orientation&quot;:&quot;0&quot;}\" data-image-title=\"10408828_699673736800659_1538908795084852909_n\" data-image-description=\"\" data-image-caption=\"\" data-medium-file=\"https:\/\/i0.wp.com\/soliref56.fr\/blog\/wp-content\/uploads\/2015\/10\/10408828_699673736800659_1538908795084852909_n.jpg?fit=300%2C225\" data-large-file=\"https:\/\/i0.wp.com\/soliref56.fr\/blog\/wp-content\/uploads\/2015\/10\/10408828_699673736800659_1538908795084852909_n.jpg?fit=660%2C495\" decoding=\"async\" loading=\"lazy\" class=\"alignnone size-full wp-image-27\" src=\"https:\/\/i0.wp.com\/soliref56.fr\/blog\/wp-content\/uploads\/2015\/10\/10408828_699673736800659_1538908795084852909_n.jpg?resize=660%2C495\" alt=\"10408828_699673736800659_1538908795084852909_n\" width=\"660\" height=\"495\" srcset=\"https:\/\/i0.wp.com\/soliref56.fr\/blog\/wp-content\/uploads\/2015\/10\/10408828_699673736800659_1538908795084852909_n.jpg?w=960 960w, https:\/\/i0.wp.com\/soliref56.fr\/blog\/wp-content\/uploads\/2015\/10\/10408828_699673736800659_1538908795084852909_n.jpg?resize=300%2C225 300w\" sizes=\"(max-width: 660px) 100vw, 660px\" data-recalc-dims=\"1\" \/><\/a><\/p>\n<p><a href=\"https:\/\/i0.wp.com\/soliref56.fr\/blog\/wp-content\/uploads\/2015\/10\/10537027_699673240134042_5811564389935486836_n.jpg\"><img data-attachment-id=\"28\" data-permalink=\"http:\/\/soliref56.fr\/blog\/index.php\/2015\/10\/26\/voyage-pour-les-balkans-points-au-24-et-25-octobre-2015-collecte\/10537027_699673240134042_5811564389935486836_n\/\" data-orig-file=\"https:\/\/i0.wp.com\/soliref56.fr\/blog\/wp-content\/uploads\/2015\/10\/10537027_699673240134042_5811564389935486836_n.jpg?fit=960%2C720\" data-orig-size=\"960,720\" data-comments-opened=\"1\" data-image-meta=\"{&quot;aperture&quot;:&quot;0&quot;,&quot;credit&quot;:&quot;&quot;,&quot;camera&quot;:&quot;&quot;,&quot;caption&quot;:&quot;&quot;,&quot;created_timestamp&quot;:&quot;0&quot;,&quot;copyright&quot;:&quot;&quot;,&quot;focal_length&quot;:&quot;0&quot;,&quot;iso&quot;:&quot;0&quot;,&quot;shutter_speed&quot;:&quot;0&quot;,&quot;title&quot;:&quot;&quot;,&quot;orientation&quot;:&quot;0&quot;}\" data-image-title=\"10537027_699673240134042_5811564389935486836_n\" data-image-description=\"\" data-image-caption=\"\" data-medium-file=\"https:\/\/i0.wp.com\/soliref56.fr\/blog\/wp-content\/uploads\/2015\/10\/10537027_699673240134042_5811564389935486836_n.jpg?fit=300%2C225\" data-large-file=\"https:\/\/i0.wp.com\/soliref56.fr\/blog\/wp-content\/uploads\/2015\/10\/10537027_699673240134042_5811564389935486836_n.jpg?fit=660%2C495\" decoding=\"async\" loading=\"lazy\" class=\"alignnone size-full wp-image-28\" src=\"https:\/\/i0.wp.com\/soliref56.fr\/blog\/wp-content\/uploads\/2015\/10\/10537027_699673240134042_5811564389935486836_n.jpg?resize=660%2C495\" alt=\"10537027_699673240134042_5811564389935486836_n\" width=\"660\" height=\"495\" srcset=\"https:\/\/i0.wp.com\/soliref56.fr\/blog\/wp-content\/uploads\/2015\/10\/10537027_699673240134042_5811564389935486836_n.jpg?w=960 960w, https:\/\/i0.wp.com\/soliref56.fr\/blog\/wp-content\/uploads\/2015\/10\/10537027_699673240134042_5811564389935486836_n.jpg?resize=300%2C225 300w\" sizes=\"(max-width: 660px) 100vw, 660px\" data-recalc-dims=\"1\" \/><\/a><\/p>\n<p><a href=\"https:\/\/i0.wp.com\/soliref56.fr\/blog\/wp-content\/uploads\/2015\/10\/11214145_699673290134037_6092620561067656500_n.jpg\"><img data-attachment-id=\"29\" data-permalink=\"http:\/\/soliref56.fr\/blog\/index.php\/2015\/10\/26\/voyage-pour-les-balkans-points-au-24-et-25-octobre-2015-collecte\/11214145_699673290134037_6092620561067656500_n\/\" data-orig-file=\"https:\/\/i0.wp.com\/soliref56.fr\/blog\/wp-content\/uploads\/2015\/10\/11214145_699673290134037_6092620561067656500_n.jpg?fit=960%2C792\" data-orig-size=\"960,792\" data-comments-opened=\"1\" data-image-meta=\"{&quot;aperture&quot;:&quot;0&quot;,&quot;credit&quot;:&quot;&quot;,&quot;camera&quot;:&quot;&quot;,&quot;caption&quot;:&quot;&quot;,&quot;created_timestamp&quot;:&quot;0&quot;,&quot;copyright&quot;:&quot;&quot;,&quot;focal_length&quot;:&quot;0&quot;,&quot;iso&quot;:&quot;0&quot;,&quot;shutter_speed&quot;:&quot;0&quot;,&quot;title&quot;:&quot;&quot;,&quot;orientation&quot;:&quot;0&quot;}\" data-image-title=\"11214145_699673290134037_6092620561067656500_n\" data-image-description=\"\" data-image-caption=\"\" data-medium-file=\"https:\/\/i0.wp.com\/soliref56.fr\/blog\/wp-content\/uploads\/2015\/10\/11214145_699673290134037_6092620561067656500_n.jpg?fit=300%2C248\" data-large-file=\"https:\/\/i0.wp.com\/soliref56.fr\/blog\/wp-content\/uploads\/2015\/10\/11214145_699673290134037_6092620561067656500_n.jpg?fit=660%2C545\" decoding=\"async\" loading=\"lazy\" class=\"alignnone size-full wp-image-29\" src=\"https:\/\/i0.wp.com\/soliref56.fr\/blog\/wp-content\/uploads\/2015\/10\/11214145_699673290134037_6092620561067656500_n.jpg?resize=660%2C545\" alt=\"11214145_699673290134037_6092620561067656500_n\" width=\"660\" height=\"545\" srcset=\"https:\/\/i0.wp.com\/soliref56.fr\/blog\/wp-content\/uploads\/2015\/10\/11214145_699673290134037_6092620561067656500_n.jpg?w=960 960w, https:\/\/i0.wp.com\/soliref56.fr\/blog\/wp-content\/uploads\/2015\/10\/11214145_699673290134037_6092620561067656500_n.jpg?resize=300%2C248 300w\" sizes=\"(max-width: 660px) 100vw, 660px\" data-recalc-dims=\"1\" \/><\/a><\/p>\n<p><a href=\"https:\/\/i0.wp.com\/soliref56.fr\/blog\/wp-content\/uploads\/2015\/10\/12042861_699673816800651_7577871744775848391_n.jpg\"><img data-attachment-id=\"30\" data-permalink=\"http:\/\/soliref56.fr\/blog\/index.php\/2015\/10\/26\/voyage-pour-les-balkans-points-au-24-et-25-octobre-2015-collecte\/12042861_699673816800651_7577871744775848391_n\/\" data-orig-file=\"https:\/\/i0.wp.com\/soliref56.fr\/blog\/wp-content\/uploads\/2015\/10\/12042861_699673816800651_7577871744775848391_n.jpg?fit=960%2C720\" data-orig-size=\"960,720\" data-comments-opened=\"1\" data-image-meta=\"{&quot;aperture&quot;:&quot;0&quot;,&quot;credit&quot;:&quot;&quot;,&quot;camera&quot;:&quot;&quot;,&quot;caption&quot;:&quot;&quot;,&quot;created_timestamp&quot;:&quot;0&quot;,&quot;copyright&quot;:&quot;&quot;,&quot;focal_length&quot;:&quot;0&quot;,&quot;iso&quot;:&quot;0&quot;,&quot;shutter_speed&quot;:&quot;0&quot;,&quot;title&quot;:&quot;&quot;,&quot;orientation&quot;:&quot;0&quot;}\" data-image-title=\"12042861_699673816800651_7577871744775848391_n\" data-image-description=\"\" data-image-caption=\"\" data-medium-file=\"https:\/\/i0.wp.com\/soliref56.fr\/blog\/wp-content\/uploads\/2015\/10\/12042861_699673816800651_7577871744775848391_n.jpg?fit=300%2C225\" data-large-file=\"https:\/\/i0.wp.com\/soliref56.fr\/blog\/wp-content\/uploads\/2015\/10\/12042861_699673816800651_7577871744775848391_n.jpg?fit=660%2C495\" decoding=\"async\" loading=\"lazy\" class=\"alignnone size-full wp-image-30\" src=\"https:\/\/i0.wp.com\/soliref56.fr\/blog\/wp-content\/uploads\/2015\/10\/12042861_699673816800651_7577871744775848391_n.jpg?resize=660%2C495\" alt=\"12042861_699673816800651_7577871744775848391_n\" width=\"660\" height=\"495\" srcset=\"https:\/\/i0.wp.com\/soliref56.fr\/blog\/wp-content\/uploads\/2015\/10\/12042861_699673816800651_7577871744775848391_n.jpg?w=960 960w, https:\/\/i0.wp.com\/soliref56.fr\/blog\/wp-content\/uploads\/2015\/10\/12042861_699673816800651_7577871744775848391_n.jpg?resize=300%2C225 300w\" sizes=\"(max-width: 660px) 100vw, 660px\" data-recalc-dims=\"1\" \/><\/a><\/p>\n<p><a href=\"https:\/\/i0.wp.com\/soliref56.fr\/blog\/wp-content\/uploads\/2015\/10\/12047003_699673243467375_1913427850760915916_n.jpg\"><img data-attachment-id=\"31\" data-permalink=\"http:\/\/soliref56.fr\/blog\/index.php\/2015\/10\/26\/voyage-pour-les-balkans-points-au-24-et-25-octobre-2015-collecte\/12047003_699673243467375_1913427850760915916_n\/\" data-orig-file=\"https:\/\/i0.wp.com\/soliref56.fr\/blog\/wp-content\/uploads\/2015\/10\/12047003_699673243467375_1913427850760915916_n.jpg?fit=960%2C861\" data-orig-size=\"960,861\" data-comments-opened=\"1\" data-image-meta=\"{&quot;aperture&quot;:&quot;0&quot;,&quot;credit&quot;:&quot;&quot;,&quot;camera&quot;:&quot;&quot;,&quot;caption&quot;:&quot;&quot;,&quot;created_timestamp&quot;:&quot;0&quot;,&quot;copyright&quot;:&quot;&quot;,&quot;focal_length&quot;:&quot;0&quot;,&quot;iso&quot;:&quot;0&quot;,&quot;shutter_speed&quot;:&quot;0&quot;,&quot;title&quot;:&quot;&quot;,&quot;orientation&quot;:&quot;0&quot;}\" data-image-title=\"12047003_699673243467375_1913427850760915916_n\" data-image-description=\"\" data-image-caption=\"\" data-medium-file=\"https:\/\/i0.wp.com\/soliref56.fr\/blog\/wp-content\/uploads\/2015\/10\/12047003_699673243467375_1913427850760915916_n.jpg?fit=300%2C269\" data-large-file=\"https:\/\/i0.wp.com\/soliref56.fr\/blog\/wp-content\/uploads\/2015\/10\/12047003_699673243467375_1913427850760915916_n.jpg?fit=660%2C592\" decoding=\"async\" loading=\"lazy\" class=\"alignnone size-full wp-image-31\" src=\"https:\/\/i0.wp.com\/soliref56.fr\/blog\/wp-content\/uploads\/2015\/10\/12047003_699673243467375_1913427850760915916_n.jpg?resize=660%2C592\" alt=\"12047003_699673243467375_1913427850760915916_n\" width=\"660\" height=\"592\" srcset=\"https:\/\/i0.wp.com\/soliref56.fr\/blog\/wp-content\/uploads\/2015\/10\/12047003_699673243467375_1913427850760915916_n.jpg?w=960 960w, https:\/\/i0.wp.com\/soliref56.fr\/blog\/wp-content\/uploads\/2015\/10\/12047003_699673243467375_1913427850760915916_n.jpg?resize=300%2C269 300w\" sizes=\"(max-width: 660px) 100vw, 660px\" data-recalc-dims=\"1\" \/><\/a><\/p>\n<p><a href=\"https:\/\/i0.wp.com\/soliref56.fr\/blog\/wp-content\/uploads\/2015\/10\/12049128_699673896800643_3031599762795611287_n.jpg\"><img data-attachment-id=\"32\" data-permalink=\"http:\/\/soliref56.fr\/blog\/index.php\/2015\/10\/26\/voyage-pour-les-balkans-points-au-24-et-25-octobre-2015-collecte\/12049128_699673896800643_3031599762795611287_n\/\" data-orig-file=\"https:\/\/i0.wp.com\/soliref56.fr\/blog\/wp-content\/uploads\/2015\/10\/12049128_699673896800643_3031599762795611287_n.jpg?fit=960%2C646\" data-orig-size=\"960,646\" data-comments-opened=\"1\" data-image-meta=\"{&quot;aperture&quot;:&quot;0&quot;,&quot;credit&quot;:&quot;&quot;,&quot;camera&quot;:&quot;&quot;,&quot;caption&quot;:&quot;&quot;,&quot;created_timestamp&quot;:&quot;0&quot;,&quot;copyright&quot;:&quot;&quot;,&quot;focal_length&quot;:&quot;0&quot;,&quot;iso&quot;:&quot;0&quot;,&quot;shutter_speed&quot;:&quot;0&quot;,&quot;title&quot;:&quot;&quot;,&quot;orientation&quot;:&quot;0&quot;}\" data-image-title=\"12049128_699673896800643_3031599762795611287_n\" data-image-description=\"\" data-image-caption=\"\" data-medium-file=\"https:\/\/i0.wp.com\/soliref56.fr\/blog\/wp-content\/uploads\/2015\/10\/12049128_699673896800643_3031599762795611287_n.jpg?fit=300%2C202\" data-large-file=\"https:\/\/i0.wp.com\/soliref56.fr\/blog\/wp-content\/uploads\/2015\/10\/12049128_699673896800643_3031599762795611287_n.jpg?fit=660%2C444\" decoding=\"async\" loading=\"lazy\" class=\"alignnone size-full wp-image-32\" src=\"https:\/\/i0.wp.com\/soliref56.fr\/blog\/wp-content\/uploads\/2015\/10\/12049128_699673896800643_3031599762795611287_n.jpg?resize=660%2C444\" alt=\"12049128_699673896800643_3031599762795611287_n\" width=\"660\" height=\"444\" srcset=\"https:\/\/i0.wp.com\/soliref56.fr\/blog\/wp-content\/uploads\/2015\/10\/12049128_699673896800643_3031599762795611287_n.jpg?w=960 960w, https:\/\/i0.wp.com\/soliref56.fr\/blog\/wp-content\/uploads\/2015\/10\/12049128_699673896800643_3031599762795611287_n.jpg?resize=300%2C202 300w\" sizes=\"(max-width: 660px) 100vw, 660px\" data-recalc-dims=\"1\" \/><\/a><\/p>\n<p><a href=\"https:\/\/i0.wp.com\/soliref56.fr\/blog\/wp-content\/uploads\/2015\/10\/12188953_699673743467325_6032381023246392431_n.jpg\"><img data-attachment-id=\"33\" data-permalink=\"http:\/\/soliref56.fr\/blog\/index.php\/2015\/10\/26\/voyage-pour-les-balkans-points-au-24-et-25-octobre-2015-collecte\/12188953_699673743467325_6032381023246392431_n\/\" data-orig-file=\"https:\/\/i0.wp.com\/soliref56.fr\/blog\/wp-content\/uploads\/2015\/10\/12188953_699673743467325_6032381023246392431_n.jpg?fit=960%2C538\" data-orig-size=\"960,538\" data-comments-opened=\"1\" data-image-meta=\"{&quot;aperture&quot;:&quot;0&quot;,&quot;credit&quot;:&quot;&quot;,&quot;camera&quot;:&quot;&quot;,&quot;caption&quot;:&quot;&quot;,&quot;created_timestamp&quot;:&quot;0&quot;,&quot;copyright&quot;:&quot;&quot;,&quot;focal_length&quot;:&quot;0&quot;,&quot;iso&quot;:&quot;0&quot;,&quot;shutter_speed&quot;:&quot;0&quot;,&quot;title&quot;:&quot;&quot;,&quot;orientation&quot;:&quot;0&quot;}\" data-image-title=\"12188953_699673743467325_6032381023246392431_n\" data-image-description=\"\" data-image-caption=\"\" data-medium-file=\"https:\/\/i0.wp.com\/soliref56.fr\/blog\/wp-content\/uploads\/2015\/10\/12188953_699673743467325_6032381023246392431_n.jpg?fit=300%2C168\" data-large-file=\"https:\/\/i0.wp.com\/soliref56.fr\/blog\/wp-content\/uploads\/2015\/10\/12188953_699673743467325_6032381023246392431_n.jpg?fit=660%2C370\" decoding=\"async\" loading=\"lazy\" class=\"alignnone size-full wp-image-33\" src=\"https:\/\/i0.wp.com\/soliref56.fr\/blog\/wp-content\/uploads\/2015\/10\/12188953_699673743467325_6032381023246392431_n.jpg?resize=660%2C370\" alt=\"12188953_699673743467325_6032381023246392431_n\" width=\"660\" height=\"370\" srcset=\"https:\/\/i0.wp.com\/soliref56.fr\/blog\/wp-content\/uploads\/2015\/10\/12188953_699673743467325_6032381023246392431_n.jpg?w=960 960w, https:\/\/i0.wp.com\/soliref56.fr\/blog\/wp-content\/uploads\/2015\/10\/12188953_699673743467325_6032381023246392431_n.jpg?resize=300%2C168 300w\" sizes=\"(max-width: 660px) 100vw, 660px\" data-recalc-dims=\"1\" \/><\/a><\/p>\n<p>&nbsp;<\/p>\n","protected":false},"excerpt":{"rendered":"<p>Des nouvelles des b\u00e9n\u00e9voles partis\u00a0pour acheminer les dons collect\u00e9s \u00e0 Vannes et \u00e0 Plo\u00ebrmel, aux r\u00e9fugi\u00e9s dans les Balkans. 24 octobre Nous avons charg\u00e9 le camion vendredi soir pour partir t\u00f4t matin, samedi 24 octobre. Les associations nous ont demand\u00e9 au dernier moment d&rsquo;apporter aussi du lait pr\u00eat \u00e0 l&#8217;emploi pour les b\u00e9b\u00e9s de 0 &hellip; <a href=\"http:\/\/soliref56.fr\/blog\/index.php\/2015\/10\/26\/voyage-pour-les-balkans-points-au-24-et-25-octobre-2015-collecte\/\" class=\"more-link\">Continuer la lecture de <span class=\"screen-reader-text\">Voyage pour les balkans: points au 24 et 25 octobre 2015 #collecte<\/span><\/a><\/p>\n","protected":false},"author":2,"featured_media":0,"comment_status":"open","ping_status":"open","sticky":false,"template":"","format":"standard","meta":{"jetpack_post_was_ever_published":false,"jetpack_publicize_message":"","jetpack_is_tweetstorm":false,"jetpack_publicize_feature_enabled":true,"jetpack_social_post_already_shared":true,"jetpack_social_options":{"image_generator_settings":{"template":"highway","enabled":false}}},"categories":[4],"tags":[],"jetpack_publicize_connections":[],"jetpack_featured_media_url":"","jetpack_sharing_enabled":true,"jetpack_shortlink":"https:\/\/wp.me\/p6Sans-p","jetpack-related-posts":[{"id":68,"url":"http:\/\/soliref56.fr\/blog\/index.php\/2015\/10\/29\/collecte-balkans-28-octobre\/","url_meta":{"origin":25,"position":0},"title":"Collecte Balkans: 28 octobre","date":"29 octobre 2015","format":false,"excerpt":"Ewa: Travail des volontaires : \u00e0 l\u2019ext\u00e9rieur du camp, c'est l'accueil des personnes qui apportent des dons, tri des v\u00eatements, tri toujours. Dans le camp : distribution de v\u00eatements, chaussures, couvertures dans la journ\u00e9e et aussi la nuit, quand les nouvelles personnes arrivent. Le soir et la nuit on apporte\u2026","rel":"","context":"Dans &quot;balkans&quot;","img":{"alt_text":"","src":"https:\/\/i0.wp.com\/soliref56.fr\/blog\/wp-content\/uploads\/2015\/10\/12095322_700796606688372_9135175838734416258_o.jpg?fit=972%2C729&resize=350%2C200","width":350,"height":200},"classes":[]},{"id":488,"url":"http:\/\/soliref56.fr\/blog\/index.php\/2016\/10\/21\/collecte-et-concert-le-dimanche-23-octobre-a-la-salle-des-fetes-de-gourhel\/","url_meta":{"origin":25,"position":1},"title":"Collecte et concert le dimanche 23 octobre \u00e0 la salle des f\u00eates de Gourhel","date":"21 octobre 2016","format":false,"excerpt":"Bonjour, L'association solidarit\u00e9 r\u00e9fugi\u00e9s Centre-Bretagne organise le dimanche 23 octobre \u00e0 17 h un concert solidaire \"musique des Balkans\" \u00e0 la salle des f\u00eates de Gourhel. Une grande collecte de sacs \u00e0 dos, de sacs de voyage \u00e0 roulettes, de valises \u00e0 roulettes, de couvertures, de sacs de couchage, de\u2026","rel":"","context":"Dans &quot;plo\u00ebrmel&quot;","img":{"alt_text":"","src":"","width":0,"height":0},"classes":[]},{"id":276,"url":"http:\/\/soliref56.fr\/blog\/index.php\/2016\/01\/23\/lexode-des-peuples-temoignages-et-debat\/","url_meta":{"origin":25,"position":2},"title":"L&rsquo;exode des peuples : t\u00e9moignages et d\u00e9bat","date":"23 janvier 2016","format":false,"excerpt":"Le cycle de rencontres sur le th\u00e8me d\u2019exode des peuples propos\u00e9 par l'association Solidarit\u00e9 R\u00e9fugi\u00e9s Centre Bretagne. Un nouveau rendez-vous est donn\u00e9 ce samedi 23 janvier de 16 h \u00e0 18 h au Champ Commun \u00e0 Augan. Les fronti\u00e8res se ferment et les populations d\u00e9plac\u00e9es se retrouvent dans des camps\u2026","rel":"","context":"Dans &quot;balkans&quot;","img":{"alt_text":"","src":"https:\/\/i0.wp.com\/img.youtube.com\/vi\/UsVRyTfYxT8\/0.jpg?resize=350%2C200","width":350,"height":200},"classes":[]},{"id":21,"url":"http:\/\/soliref56.fr\/blog\/index.php\/2015\/10\/22\/collecte-pour-les-balkans\/","url_meta":{"origin":25,"position":3},"title":"Collecte pour les balkans","date":"22 octobre 2015","format":false,"excerpt":"Une collecte a \u00e9t\u00e9 organis\u00e9e ces derni\u00e8res semaines pour les r\u00e9fugi\u00e9s coinc\u00e9s dans les Balkans. Voici un point r\u00e9cent d'Ewa qui fera partie du convoi pour la fronti\u00e8re serbo-croate: 19 octobre 2015 Bilan de l'action : cinq collectes en tout sur Vannes et Plo\u00ebrmel, dont la derni\u00e8re ce dimanche matin\u2026","rel":"","context":"Dans &quot;balkans&quot;","img":{"alt_text":"","src":"https:\/\/i0.wp.com\/soliref56.fr\/blog\/wp-content\/uploads\/2015\/10\/collecte.jpg?resize=350%2C200","width":350,"height":200},"classes":[]},{"id":80,"url":"http:\/\/soliref56.fr\/blog\/index.php\/2015\/10\/30\/collecte-balkans-29-octobre-les-emotions-entremelees\/","url_meta":{"origin":25,"position":4},"title":"Collecte Balkans: 29 octobre \u00ab\u00a0Les \u00e9motions, entrem\u00eal\u00e9es\u00a0\u00bb","date":"30 octobre 2015","format":false,"excerpt":"Ewa: 29 octobre Les \u00e9motions, entrem\u00eal\u00e9es tristesse : d'avoir \u00e0 collecter ces dons et de les transporter \u00e0 plus de 2 000 km ; grande tristesse : \u00e0 savoir qu'il y a ce camp, o\u00f9 les \u00eatres humains sont entass\u00e9s dans les tentes militaires, \u00e0 dormir sur les palettes en\u2026","rel":"","context":"Dans &quot;balkans&quot;","img":{"alt_text":"","src":"https:\/\/i0.wp.com\/soliref56.fr\/blog\/wp-content\/uploads\/2015\/10\/12182696_700473726720660_9007303245249843209_o.jpg?fit=972%2C729&resize=350%2C200","width":350,"height":200},"classes":[]},{"id":36,"url":"http:\/\/soliref56.fr\/blog\/index.php\/2015\/10\/27\/collecte-balkans-les-colis-ont-ete-livres\/","url_meta":{"origin":25,"position":5},"title":"Collecte Balkans: les colis ont \u00e9t\u00e9 livr\u00e9s","date":"27 octobre 2015","format":false,"excerpt":"\u00a0 Par Ewa 26 octobre On a l'impression d'avoir v\u00e9cu trois jours dans cette journ\u00e9e. Nous avons eu le droit de rentrer avec le camion dans le camp, Vladimir nous a guid\u00e9. Les volontaires de la Croix Rouge ont vid\u00e9 le camion tr\u00e8s vite, d'ailleurs les affaires ont \u00e9t\u00e9 distribu\u00e9es\u2026","rel":"","context":"Dans &quot;balkans&quot;","img":{"alt_text":"","src":"https:\/\/i0.wp.com\/soliref56.fr\/blog\/wp-content\/uploads\/2015\/10\/10174829_700106973424002_1118000938952165839_n.jpg?fit=960%2C720&resize=350%2C200","width":350,"height":200},"classes":[]}],"_links":{"self":[{"href":"http:\/\/soliref56.fr\/blog\/index.php\/wp-json\/wp\/v2\/posts\/25"}],"collection":[{"href":"http:\/\/soliref56.fr\/blog\/index.php\/wp-json\/wp\/v2\/posts"}],"about":[{"href":"http:\/\/soliref56.fr\/blog\/index.php\/wp-json\/wp\/v2\/types\/post"}],"author":[{"embeddable":true,"href":"http:\/\/soliref56.fr\/blog\/index.php\/wp-json\/wp\/v2\/users\/2"}],"replies":[{"embeddable":true,"href":"http:\/\/soliref56.fr\/blog\/index.php\/wp-json\/wp\/v2\/comments?post=25"}],"version-history":[{"count":4,"href":"http:\/\/soliref56.fr\/blog\/index.php\/wp-json\/wp\/v2\/posts\/25\/revisions"}],"predecessor-version":[{"id":104,"href":"http:\/\/soliref56.fr\/blog\/index.php\/wp-json\/wp\/v2\/posts\/25\/revisions\/104"}],"wp:attachment":[{"href":"http:\/\/soliref56.fr\/blog\/index.php\/wp-json\/wp\/v2\/media?parent=25"}],"wp:term":[{"taxonomy":"category","embeddable":true,"href":"http:\/\/soliref56.fr\/blog\/index.php\/wp-json\/wp\/v2\/categories?post=25"},{"taxonomy":"post_tag","embeddable":true,"href":"http:\/\/soliref56.fr\/blog\/index.php\/wp-json\/wp\/v2\/tags?post=25"}],"curies":[{"name":"wp","href":"https:\/\/api.w.org\/{rel}","templated":true}]}}