{"id":21,"date":"2015-10-22T16:48:35","date_gmt":"2015-10-22T15:48:35","guid":{"rendered":"http:\/\/soliref56.fr\/blog\/?p=21"},"modified":"2015-11-01T00:14:19","modified_gmt":"2015-10-31T23:14:19","slug":"collecte-pour-les-balkans","status":"publish","type":"post","link":"http:\/\/soliref56.fr\/blog\/index.php\/2015\/10\/22\/collecte-pour-les-balkans\/","title":{"rendered":"Collecte pour les balkans"},"content":{"rendered":"<p><a href=\"https:\/\/i0.wp.com\/soliref56.fr\/blog\/wp-content\/uploads\/2015\/10\/premier-voyage-octobre-2015.jpg\"><img data-attachment-id=\"22\" data-permalink=\"http:\/\/soliref56.fr\/blog\/index.php\/2015\/10\/22\/collecte-pour-les-balkans\/premier-voyage-octobre-2015\/\" data-orig-file=\"https:\/\/i0.wp.com\/soliref56.fr\/blog\/wp-content\/uploads\/2015\/10\/premier-voyage-octobre-2015.jpg?fit=695%2C343\" data-orig-size=\"695,343\" data-comments-opened=\"1\" data-image-meta=\"{&quot;aperture&quot;:&quot;0&quot;,&quot;credit&quot;:&quot;&quot;,&quot;camera&quot;:&quot;&quot;,&quot;caption&quot;:&quot;&quot;,&quot;created_timestamp&quot;:&quot;0&quot;,&quot;copyright&quot;:&quot;&quot;,&quot;focal_length&quot;:&quot;0&quot;,&quot;iso&quot;:&quot;0&quot;,&quot;shutter_speed&quot;:&quot;0&quot;,&quot;title&quot;:&quot;&quot;,&quot;orientation&quot;:&quot;0&quot;}\" data-image-title=\"premier voyage octobre 2015\" data-image-description=\"\" data-image-caption=\"\" data-medium-file=\"https:\/\/i0.wp.com\/soliref56.fr\/blog\/wp-content\/uploads\/2015\/10\/premier-voyage-octobre-2015.jpg?fit=300%2C148\" data-large-file=\"https:\/\/i0.wp.com\/soliref56.fr\/blog\/wp-content\/uploads\/2015\/10\/premier-voyage-octobre-2015.jpg?fit=660%2C326\" decoding=\"async\" loading=\"lazy\" class=\"alignnone size-full wp-image-22\" src=\"https:\/\/i0.wp.com\/soliref56.fr\/blog\/wp-content\/uploads\/2015\/10\/premier-voyage-octobre-2015.jpg?resize=660%2C326\" alt=\"premier voyage octobre 2015\" width=\"660\" height=\"326\" srcset=\"https:\/\/i0.wp.com\/soliref56.fr\/blog\/wp-content\/uploads\/2015\/10\/premier-voyage-octobre-2015.jpg?w=695 695w, https:\/\/i0.wp.com\/soliref56.fr\/blog\/wp-content\/uploads\/2015\/10\/premier-voyage-octobre-2015.jpg?resize=300%2C148 300w\" sizes=\"(max-width: 660px) 100vw, 660px\" data-recalc-dims=\"1\" \/><\/a><\/p>\n<p>Une collecte a \u00e9t\u00e9 organis\u00e9e ces derni\u00e8res semaines pour les r\u00e9fugi\u00e9s coinc\u00e9s dans les Balkans. Voici un point r\u00e9cent d&rsquo;Ewa qui fera partie du convoi pour la fronti\u00e8re serbo-croate:<\/p>\n<blockquote><p>19 octobre 2015<\/p>\n<p>Bilan de l&rsquo;action : cinq collectes en tout sur Vannes et Plo\u00ebrmel, dont la derni\u00e8re ce dimanche matin le 18 octobre. Votre g\u00e9n\u00e9rosit\u00e9 a d\u00e9pass\u00e9 notre espoir. A pr\u00e9sent, on fait le tri des affaires les plus chaudes. Le d\u00e9part ce samedi 24 octobre, la rencontre avec les b\u00e9n\u00e9voles des associations : Centre des r\u00e9fugi\u00e9s et Adra est pr\u00e9vue le 26 octobre ou \u00e0 Opatovac ou \u00e0 Slavonski Brod, \u00e0 la fronti\u00e8re serbo-croate. Le camp d&rsquo;Opatovac devrait \u00eatre d\u00e9plac\u00e9 le 25.10. On aura l&rsquo;info sur la route.<\/p><\/blockquote>\n<p><a href=\"https:\/\/i0.wp.com\/soliref56.fr\/blog\/wp-content\/uploads\/2015\/10\/collecte.jpg\"><img data-attachment-id=\"23\" data-permalink=\"http:\/\/soliref56.fr\/blog\/index.php\/2015\/10\/22\/collecte-pour-les-balkans\/collecte\/\" data-orig-file=\"https:\/\/i0.wp.com\/soliref56.fr\/blog\/wp-content\/uploads\/2015\/10\/collecte.jpg?fit=634%2C424\" data-orig-size=\"634,424\" data-comments-opened=\"1\" data-image-meta=\"{&quot;aperture&quot;:&quot;0&quot;,&quot;credit&quot;:&quot;&quot;,&quot;camera&quot;:&quot;&quot;,&quot;caption&quot;:&quot;&quot;,&quot;created_timestamp&quot;:&quot;0&quot;,&quot;copyright&quot;:&quot;&quot;,&quot;focal_length&quot;:&quot;0&quot;,&quot;iso&quot;:&quot;0&quot;,&quot;shutter_speed&quot;:&quot;0&quot;,&quot;title&quot;:&quot;&quot;,&quot;orientation&quot;:&quot;0&quot;}\" data-image-title=\"collecte\" data-image-description=\"\" data-image-caption=\"\" data-medium-file=\"https:\/\/i0.wp.com\/soliref56.fr\/blog\/wp-content\/uploads\/2015\/10\/collecte.jpg?fit=300%2C201\" data-large-file=\"https:\/\/i0.wp.com\/soliref56.fr\/blog\/wp-content\/uploads\/2015\/10\/collecte.jpg?fit=634%2C424\" decoding=\"async\" loading=\"lazy\" class=\"alignnone size-full wp-image-23\" src=\"https:\/\/i0.wp.com\/soliref56.fr\/blog\/wp-content\/uploads\/2015\/10\/collecte.jpg?resize=634%2C424\" alt=\"collecte\" width=\"634\" height=\"424\" srcset=\"https:\/\/i0.wp.com\/soliref56.fr\/blog\/wp-content\/uploads\/2015\/10\/collecte.jpg?w=634 634w, https:\/\/i0.wp.com\/soliref56.fr\/blog\/wp-content\/uploads\/2015\/10\/collecte.jpg?resize=300%2C201 300w\" sizes=\"(max-width: 634px) 100vw, 634px\" data-recalc-dims=\"1\" \/><\/a><\/p>\n","protected":false},"excerpt":{"rendered":"<p>Une collecte a \u00e9t\u00e9 organis\u00e9e ces derni\u00e8res semaines pour les r\u00e9fugi\u00e9s coinc\u00e9s dans les Balkans. Voici un point r\u00e9cent d&rsquo;Ewa qui fera partie du convoi pour la fronti\u00e8re serbo-croate: 19 octobre 2015 Bilan de l&rsquo;action : cinq collectes en tout sur Vannes et Plo\u00ebrmel, dont la derni\u00e8re ce dimanche matin le 18 octobre. Votre g\u00e9n\u00e9rosit\u00e9 &hellip; <a href=\"http:\/\/soliref56.fr\/blog\/index.php\/2015\/10\/22\/collecte-pour-les-balkans\/\" class=\"more-link\">Continuer la lecture de <span class=\"screen-reader-text\">Collecte pour les balkans<\/span><\/a><\/p>\n","protected":false},"author":2,"featured_media":0,"comment_status":"open","ping_status":"open","sticky":false,"template":"","format":"standard","meta":{"jetpack_post_was_ever_published":false,"jetpack_publicize_message":"","jetpack_is_tweetstorm":false,"jetpack_publicize_feature_enabled":true,"jetpack_social_post_already_shared":false,"jetpack_social_options":{"image_generator_settings":{"template":"highway","enabled":false}}},"categories":[4],"tags":[],"jetpack_publicize_connections":[],"jetpack_featured_media_url":"","jetpack_sharing_enabled":true,"jetpack_shortlink":"https:\/\/wp.me\/p6Sans-l","jetpack-related-posts":[{"id":25,"url":"http:\/\/soliref56.fr\/blog\/index.php\/2015\/10\/26\/voyage-pour-les-balkans-points-au-24-et-25-octobre-2015-collecte\/","url_meta":{"origin":21,"position":0},"title":"Voyage pour les balkans: points au 24 et 25 octobre 2015 #collecte","date":"26 octobre 2015","format":false,"excerpt":"Des nouvelles des b\u00e9n\u00e9voles partis\u00a0pour acheminer les dons collect\u00e9s \u00e0 Vannes et \u00e0 Plo\u00ebrmel, aux r\u00e9fugi\u00e9s dans les Balkans. 24 octobre Nous avons charg\u00e9 le camion vendredi soir pour partir t\u00f4t matin, samedi 24 octobre. Les associations nous ont demand\u00e9 au dernier moment d'apporter aussi du lait pr\u00eat \u00e0 l'emploi\u2026","rel":"","context":"Dans &quot;balkans&quot;","img":{"alt_text":"","src":"https:\/\/i0.wp.com\/soliref56.fr\/blog\/wp-content\/uploads\/2015\/10\/12188953_699673743467325_6032381023246392431_n.jpg?resize=350%2C200","width":350,"height":200},"classes":[]},{"id":217,"url":"http:\/\/soliref56.fr\/blog\/index.php\/2015\/12\/06\/association-solidarite-refugies-centre-bretagne-est-creee\/","url_meta":{"origin":21,"position":1},"title":"Association : Solidarit\u00e9 r\u00e9fugi\u00e9s Centre-Bretagne, est cr\u00e9\u00e9e","date":"6 d\u00e9cembre 2015","format":false,"excerpt":"Photo : sculpture par Nizar Ali Badr, artiste syrien Apr\u00e8s une dizaine de collectes r\u00e9alis\u00e9es en deux mois, un d\u00e9placement, en octobre dans le camp des r\u00e9fugi\u00e9s situ\u00e9 \u00e0 la fronti\u00e8re serbo-croate, \u00ab nous nous sommes rendus compte que nos actions ont raison d\u2019\u00eatre et apportent un v\u00e9ritable aide aupr\u00e8s\u2026","rel":"","context":"Dans &quot;Non class\u00e9&quot;","img":{"alt_text":"Nizar Ali Bardh","src":"https:\/\/i0.wp.com\/soliref56.fr\/blog\/wp-content\/uploads\/2015\/12\/Nizar-Ali-Bardh-300x225.jpg?resize=350%2C200","width":350,"height":200},"classes":[]},{"id":5,"url":"http:\/\/soliref56.fr\/blog\/index.php\/2015\/10\/19\/bonjour\/","url_meta":{"origin":21,"position":2},"title":"Bonjour","date":"19 octobre 2015","format":false,"excerpt":"\u00a0 Bonjour, je m'appelle j\u00e9r\u00f4me et je lance aujourd'hui cette plateforme. En septembre dernier suite \u00e0 l'appel de Jean-Philippe Guedas nous nous\u00a0sommes\u00a0rendus ma femme et moi\u00a0\u00e0 Vannes pour manifester notre\u00a0soutien aux r\u00e9fugi\u00e9s. La semaine suivante nous nous sommes rendus \u00e0 un autre rassemblement \u00e0 l'invitation d'Ewa Ciclaire. Ce fut l'occasion\u2026","rel":"","context":"Dans &quot;Non class\u00e9&quot;","img":{"alt_text":"","src":"https:\/\/i0.wp.com\/soliref56.fr\/blog\/wp-content\/uploads\/2015\/10\/rass5sep15.jpg?resize=350%2C200","width":350,"height":200},"classes":[]},{"id":488,"url":"http:\/\/soliref56.fr\/blog\/index.php\/2016\/10\/21\/collecte-et-concert-le-dimanche-23-octobre-a-la-salle-des-fetes-de-gourhel\/","url_meta":{"origin":21,"position":3},"title":"Collecte et concert le dimanche 23 octobre \u00e0 la salle des f\u00eates de Gourhel","date":"21 octobre 2016","format":false,"excerpt":"Bonjour, L'association solidarit\u00e9 r\u00e9fugi\u00e9s Centre-Bretagne organise le dimanche 23 octobre \u00e0 17 h un concert solidaire \"musique des Balkans\" \u00e0 la salle des f\u00eates de Gourhel. Une grande collecte de sacs \u00e0 dos, de sacs de voyage \u00e0 roulettes, de valises \u00e0 roulettes, de couvertures, de sacs de couchage, de\u2026","rel":"","context":"Dans &quot;plo\u00ebrmel&quot;","img":{"alt_text":"","src":"","width":0,"height":0},"classes":[]},{"id":68,"url":"http:\/\/soliref56.fr\/blog\/index.php\/2015\/10\/29\/collecte-balkans-28-octobre\/","url_meta":{"origin":21,"position":4},"title":"Collecte Balkans: 28 octobre","date":"29 octobre 2015","format":false,"excerpt":"Ewa: Travail des volontaires : \u00e0 l\u2019ext\u00e9rieur du camp, c'est l'accueil des personnes qui apportent des dons, tri des v\u00eatements, tri toujours. Dans le camp : distribution de v\u00eatements, chaussures, couvertures dans la journ\u00e9e et aussi la nuit, quand les nouvelles personnes arrivent. Le soir et la nuit on apporte\u2026","rel":"","context":"Dans &quot;balkans&quot;","img":{"alt_text":"","src":"https:\/\/i0.wp.com\/soliref56.fr\/blog\/wp-content\/uploads\/2015\/10\/12095322_700796606688372_9135175838734416258_o.jpg?fit=972%2C729&resize=350%2C200","width":350,"height":200},"classes":[]},{"id":197,"url":"http:\/\/soliref56.fr\/blog\/index.php\/2015\/11\/23\/association-daide-humanitaire-intereuropeen-iha\/","url_meta":{"origin":21,"position":5},"title":"Association d&rsquo;aide humanitaire inter europ\u00e9enne (IHA)","date":"23 novembre 2015","format":false,"excerpt":"Lors de notre d\u00e9placement \u00e0 Opatovak ( le camp \u00e0 la fronti\u00e8re serbo-croate ) nous avons rencontr\u00e9 l'Association\u00a0d'aide humanitaire inter europ\u00e9enne (IHA). IHA est compos\u00e9e de plusieurs r\u00e9seaux de b\u00e9n\u00e9voles de toute l'Europe, qui se sont engag\u00e9s dans une mission humanitaire aupr\u00e8s des r\u00e9fugi\u00e9s. L'association travaille en \u00e9troite collaboration avec\u2026","rel":"","context":"Dans &quot;balkans&quot;","img":{"alt_text":"","src":"","width":0,"height":0},"classes":[]}],"_links":{"self":[{"href":"http:\/\/soliref56.fr\/blog\/index.php\/wp-json\/wp\/v2\/posts\/21"}],"collection":[{"href":"http:\/\/soliref56.fr\/blog\/index.php\/wp-json\/wp\/v2\/posts"}],"about":[{"href":"http:\/\/soliref56.fr\/blog\/index.php\/wp-json\/wp\/v2\/types\/post"}],"author":[{"embeddable":true,"href":"http:\/\/soliref56.fr\/blog\/index.php\/wp-json\/wp\/v2\/users\/2"}],"replies":[{"embeddable":true,"href":"http:\/\/soliref56.fr\/blog\/index.php\/wp-json\/wp\/v2\/comments?post=21"}],"version-history":[{"count":3,"href":"http:\/\/soliref56.fr\/blog\/index.php\/wp-json\/wp\/v2\/posts\/21\/revisions"}],"predecessor-version":[{"id":106,"href":"http:\/\/soliref56.fr\/blog\/index.php\/wp-json\/wp\/v2\/posts\/21\/revisions\/106"}],"wp:attachment":[{"href":"http:\/\/soliref56.fr\/blog\/index.php\/wp-json\/wp\/v2\/media?parent=21"}],"wp:term":[{"taxonomy":"category","embeddable":true,"href":"http:\/\/soliref56.fr\/blog\/index.php\/wp-json\/wp\/v2\/categories?post=21"},{"taxonomy":"post_tag","embeddable":true,"href":"http:\/\/soliref56.fr\/blog\/index.php\/wp-json\/wp\/v2\/tags?post=21"}],"curies":[{"name":"wp","href":"https:\/\/api.w.org\/{rel}","templated":true}]}}