{"id":13,"date":"2015-10-22T09:30:17","date_gmt":"2015-10-22T08:30:17","guid":{"rendered":"http:\/\/soliref56.fr\/blog\/?p=13"},"modified":"2015-10-22T09:30:17","modified_gmt":"2015-10-22T08:30:17","slug":"damgan-17-benevoles-sengagent-pour-le-projet-daccueil","status":"publish","type":"post","link":"http:\/\/soliref56.fr\/blog\/index.php\/2015\/10\/22\/damgan-17-benevoles-sengagent-pour-le-projet-daccueil\/","title":{"rendered":"Damgan: 17 b\u00e9n\u00e9voles s&rsquo;engagent pour le projet d&rsquo;accueil"},"content":{"rendered":"<p>&nbsp;<\/p>\n<p><a href=\"https:\/\/i0.wp.com\/soliref56.fr\/blog\/wp-content\/uploads\/2015\/10\/reunion-refugies-e1444320476502.jpg\"><img data-attachment-id=\"14\" data-permalink=\"http:\/\/soliref56.fr\/blog\/index.php\/2015\/10\/22\/damgan-17-benevoles-sengagent-pour-le-projet-daccueil\/reunion-refugies-e1444320476502\/\" data-orig-file=\"https:\/\/i0.wp.com\/soliref56.fr\/blog\/wp-content\/uploads\/2015\/10\/reunion-refugies-e1444320476502.jpg?fit=640%2C350\" data-orig-size=\"640,350\" data-comments-opened=\"1\" data-image-meta=\"{&quot;aperture&quot;:&quot;0&quot;,&quot;credit&quot;:&quot;&quot;,&quot;camera&quot;:&quot;&quot;,&quot;caption&quot;:&quot;&quot;,&quot;created_timestamp&quot;:&quot;0&quot;,&quot;copyright&quot;:&quot;&quot;,&quot;focal_length&quot;:&quot;0&quot;,&quot;iso&quot;:&quot;0&quot;,&quot;shutter_speed&quot;:&quot;0&quot;,&quot;title&quot;:&quot;&quot;,&quot;orientation&quot;:&quot;0&quot;}\" data-image-title=\"reunion-refugies-e1444320476502\" data-image-description=\"\" data-image-caption=\"\" data-medium-file=\"https:\/\/i0.wp.com\/soliref56.fr\/blog\/wp-content\/uploads\/2015\/10\/reunion-refugies-e1444320476502.jpg?fit=300%2C164\" data-large-file=\"https:\/\/i0.wp.com\/soliref56.fr\/blog\/wp-content\/uploads\/2015\/10\/reunion-refugies-e1444320476502.jpg?fit=640%2C350\" decoding=\"async\" loading=\"lazy\" class=\"alignnone size-full wp-image-14\" src=\"https:\/\/i0.wp.com\/soliref56.fr\/blog\/wp-content\/uploads\/2015\/10\/reunion-refugies-e1444320476502.jpg?resize=640%2C350\" alt=\"reunion-refugies-e1444320476502\" width=\"640\" height=\"350\" srcset=\"https:\/\/i0.wp.com\/soliref56.fr\/blog\/wp-content\/uploads\/2015\/10\/reunion-refugies-e1444320476502.jpg?w=640 640w, https:\/\/i0.wp.com\/soliref56.fr\/blog\/wp-content\/uploads\/2015\/10\/reunion-refugies-e1444320476502.jpg?resize=300%2C164 300w\" sizes=\"(max-width: 640px) 100vw, 640px\" data-recalc-dims=\"1\" \/><\/a><\/p>\n<p>Une\u00a0r\u00e9union publique a \u00e9t\u00e9 organis\u00e9e le 7 octobre dernier par la mairie de Damgan \u00e0 propos d&rsquo;un \u00e9ventuel projet d&rsquo;accueil.<\/p>\n<p>Un compte rendu succinct est disponible sur <a href=\"http:\/\/www.damgan-partage.fr\/gazette\/index.php\/2015\/10\/08\/resume-de-la-reunion-publique-du-7-octobre-2015-au-sujet-des-refugies\/\">Damgan-Partage<\/a>.<\/p>\n<p>A la fin de cette r\u00e9union il a \u00e9t\u00e9 demand\u00e9 aux damganais pr\u00e9sents\u00a0de\u00a0donner leurs coordonn\u00e9es s&rsquo;ils souhaitaient s&rsquo;inscrire dans un collectif citoyen n\u00e9cessaire \u00e0 la candidature de Damgan pour un accueil.<\/p>\n<p>Les \u00e9lus d\u00e9siraient avoir au moins 10 signatures avant de poursuivre.\u00a0J&rsquo;apprends dans <a href=\"http:\/\/www.ouest-france.fr\/la-commune-presente-son-projet-daccueil-de-refugies-3763409\">un article de Ouest-France<\/a> que nous serions\u00a0finalement 17 signataires.<\/p>\n<p>Voil\u00e0 une bonne nouvelle \ud83d\ude42<\/p>\n","protected":false},"excerpt":{"rendered":"<p>&nbsp; Une\u00a0r\u00e9union publique a \u00e9t\u00e9 organis\u00e9e le 7 octobre dernier par la mairie de Damgan \u00e0 propos d&rsquo;un \u00e9ventuel projet d&rsquo;accueil. Un compte rendu succinct est disponible sur Damgan-Partage. A la fin de cette r\u00e9union il a \u00e9t\u00e9 demand\u00e9 aux damganais pr\u00e9sents\u00a0de\u00a0donner leurs coordonn\u00e9es s&rsquo;ils souhaitaient s&rsquo;inscrire dans un collectif citoyen n\u00e9cessaire \u00e0 la candidature &hellip; <a href=\"http:\/\/soliref56.fr\/blog\/index.php\/2015\/10\/22\/damgan-17-benevoles-sengagent-pour-le-projet-daccueil\/\" class=\"more-link\">Continuer la lecture de <span class=\"screen-reader-text\">Damgan: 17 b\u00e9n\u00e9voles s&rsquo;engagent pour le projet d&rsquo;accueil<\/span><\/a><\/p>\n","protected":false},"author":2,"featured_media":0,"comment_status":"open","ping_status":"open","sticky":false,"template":"","format":"standard","meta":{"jetpack_post_was_ever_published":false,"jetpack_publicize_message":"","jetpack_is_tweetstorm":false,"jetpack_publicize_feature_enabled":true,"jetpack_social_post_already_shared":false,"jetpack_social_options":{"image_generator_settings":{"template":"highway","enabled":false}}},"categories":[2],"tags":[3],"jetpack_publicize_connections":[],"jetpack_featured_media_url":"","jetpack_sharing_enabled":true,"jetpack_shortlink":"https:\/\/wp.me\/p6Sans-d","jetpack-related-posts":[{"id":186,"url":"http:\/\/soliref56.fr\/blog\/index.php\/2015\/11\/19\/premiere-reunion-pour-le-collectif-citoyen-de-damgan\/","url_meta":{"origin":13,"position":0},"title":"Premi\u00e8re r\u00e9union pour le collectif citoyen de Damgan","date":"19 novembre 2015","format":false,"excerpt":"Nous nous sommes r\u00e9unis hier soir 18 novembre 2015 suite \u00e0 l\u2019invitation de la mairie pour avancer sur le projet d'un \u00e9ventuel accueil. Nous \u00e9tions une petite vingtaine \u00e0 cette r\u00e9union. Nous avons commenc\u00e9 \u00e0 nous pr\u00e9senter et constituer des groupes de travail tr\u00e8s concrets (administratif, logistique, social, transports ...).\u2026","rel":"","context":"Dans &quot;damgan&quot;","img":{"alt_text":"","src":"","width":0,"height":0},"classes":[]},{"id":188,"url":"http:\/\/soliref56.fr\/blog\/index.php\/2015\/11\/19\/sarzeau-1ere-reunion-20-refugies-pour-3-mois-aux-pep-56\/","url_meta":{"origin":13,"position":1},"title":"Sarzeau: 1\u00e8re r\u00e9union, 20 r\u00e9fugi\u00e9s pour 3 mois aux PEP 56","date":"19 novembre 2015","format":false,"excerpt":"Un message de la part de Michel Campel de Landrezac: Il y a eu \u00e0 Sarzeau une premi\u00e8re r\u00e9union (aussi ..) \u00e0 l'initiative de PEP 56 qui accueille en ce moment 20 \"r\u00e9fugi\u00e9s\" dans leur maison de Saint JACQUES pour 3 mois. Nous \u00e9tions un trentaine Les objectifs ont \u00e9t\u00e9\u2026","rel":"","context":"Dans &quot;sarzeau&quot;","img":{"alt_text":"","src":"","width":0,"height":0},"classes":[]},{"id":113,"url":"http:\/\/soliref56.fr\/blog\/index.php\/2015\/11\/01\/carnet-de-bord-soliref56-1er-novembre-2015\/","url_meta":{"origin":13,"position":2},"title":"Carnet de bord SoliRef56: 1er novembre 2015","date":"1 novembre 2015","format":false,"excerpt":"SoliRef56 est tout jeune, encore peu de contenu mais les outils sont en place. Cette semaine j'ai principalement rempli\u00a0le blog avec les nouvelles du\u00a0voyage d'Ewa dans les Balkans. Les derni\u00e8res infos en vrac: nous disposons d'une page facebook et d'un compte twitter, pour ceux qui utilisent ces r\u00e9seaux sociaux c'est\u2026","rel":"","context":"Dans &quot;quoi de neuf&quot;","img":{"alt_text":"","src":"https:\/\/i0.wp.com\/soliref56.fr\/blog\/wp-content\/uploads\/2015\/11\/carnetdebord.jpg?fit=800%2C317&resize=350%2C200","width":350,"height":200},"classes":[]},{"id":230,"url":"http:\/\/soliref56.fr\/blog\/index.php\/2015\/12\/21\/un-outil-simple-et-efficace-les-listes-de-diffusion\/","url_meta":{"origin":13,"position":3},"title":"Un outil simple et efficace: les listes de diffusion","date":"21 d\u00e9cembre 2015","format":false,"excerpt":"Si vous souhaitez \u00eatre inform\u00e9 de l'actualit\u00e9 de Soliref56 par mail mais aussi pouvoir communiquer de fa\u00e7on horizontale avec d'autres citoyens int\u00e9ress\u00e9s par la cause des r\u00e9fugi\u00e9s, abonnez vous \u00e0 la liste de diffusion \"in#fos@#soliref56.fr\". Comment s'inscrire? Un formulaire d'inscription est disponible sur la page d'accueil de la liste. Si\u2026","rel":"","context":"Dans &quot;outils&quot;","img":{"alt_text":"","src":"https:\/\/i0.wp.com\/soliref56.fr\/blog\/wp-content\/uploads\/2015\/12\/icone-mailing-list.png?resize=350%2C200","width":350,"height":200},"classes":[]},{"id":140,"url":"http:\/\/soliref56.fr\/blog\/index.php\/2015\/11\/03\/serent-reunion-constituante-pour-le-collectif-serent-terre-daccueil\/","url_meta":{"origin":13,"position":4},"title":"S\u00e9rent: r\u00e9union constituante pour le collectif \u00ab\u00a0S\u00e9rent Terre d&rsquo;Accueil\u00a0\u00bb","date":"3 novembre 2015","format":false,"excerpt":"Une information en provenance de R\u00e9gis Blanchard, repr\u00e9sentant le collectif S\u00e9rent Terre d'Accueil Suite aux \u00e9v\u00e9nements qui se sont d\u00e9roul\u00e9s \u00e0 S\u00e9rent en octobre, nous avons d\u00e9cid\u00e9 de donner suite \u00e0 notre mouvement en constituant un Collectif p\u00e9renne et actif : S\u00e9rent Terre d'Accueil. [...] nous vous invitons \u00e0 la\u2026","rel":"","context":"Dans &quot;s\u00e9rent&quot;","img":{"alt_text":"","src":"https:\/\/i0.wp.com\/soliref56.fr\/blog\/wp-content\/uploads\/2015\/11\/serent.jpg?fit=1200%2C418&resize=350%2C200","width":350,"height":200},"classes":[]},{"id":516,"url":"http:\/\/soliref56.fr\/blog\/index.php\/2016\/12\/13\/des-refugies-mineurs-a-arzon\/","url_meta":{"origin":13,"position":5},"title":"Des r\u00e9fugi\u00e9s mineurs \u00e0 Arzon","date":"13 d\u00e9cembre 2016","format":false,"excerpt":"Nouvelles re\u00e7ues pour Arzon: Depuis quelques semaines, une trentaine de r\u00e9fugi\u00e9s mineurs sont arriv\u00e9s \u00e0 Arzon dans un Centre d'accueil et d'Orientation\u00a0 pour Mineurs, en provenance de Calais, principalement d'origine Afghane. Ils sont encadr\u00e9s par des personnels du CCAS d'Arzon (\u00e9ducateurs, logisticiens) . Des responsables Anglais \u00e9taient pr\u00e9sents au d\u00e9but\u2026","rel":"","context":"Dans &quot;arzon&quot;","img":{"alt_text":"","src":"https:\/\/i0.wp.com\/soliref56.fr\/blog\/wp-content\/uploads\/2016\/12\/arzon.jpg?fit=978%2C571&resize=350%2C200","width":350,"height":200},"classes":[]}],"_links":{"self":[{"href":"http:\/\/soliref56.fr\/blog\/index.php\/wp-json\/wp\/v2\/posts\/13"}],"collection":[{"href":"http:\/\/soliref56.fr\/blog\/index.php\/wp-json\/wp\/v2\/posts"}],"about":[{"href":"http:\/\/soliref56.fr\/blog\/index.php\/wp-json\/wp\/v2\/types\/post"}],"author":[{"embeddable":true,"href":"http:\/\/soliref56.fr\/blog\/index.php\/wp-json\/wp\/v2\/users\/2"}],"replies":[{"embeddable":true,"href":"http:\/\/soliref56.fr\/blog\/index.php\/wp-json\/wp\/v2\/comments?post=13"}],"version-history":[{"count":1,"href":"http:\/\/soliref56.fr\/blog\/index.php\/wp-json\/wp\/v2\/posts\/13\/revisions"}],"predecessor-version":[{"id":15,"href":"http:\/\/soliref56.fr\/blog\/index.php\/wp-json\/wp\/v2\/posts\/13\/revisions\/15"}],"wp:attachment":[{"href":"http:\/\/soliref56.fr\/blog\/index.php\/wp-json\/wp\/v2\/media?parent=13"}],"wp:term":[{"taxonomy":"category","embeddable":true,"href":"http:\/\/soliref56.fr\/blog\/index.php\/wp-json\/wp\/v2\/categories?post=13"},{"taxonomy":"post_tag","embeddable":true,"href":"http:\/\/soliref56.fr\/blog\/index.php\/wp-json\/wp\/v2\/tags?post=13"}],"curies":[{"name":"wp","href":"https:\/\/api.w.org\/{rel}","templated":true}]}}